{"id":17075,"date":"2023-09-05T12:33:46","date_gmt":"2023-09-05T15:33:46","guid":{"rendered":"https:\/\/fadeweb.uncoma.edu.ar\/?p=17075"},"modified":"2023-09-05T12:33:46","modified_gmt":"2023-09-05T15:33:46","slug":"presentacion-del-libro-recuerdos-de-una-nostalgia-fugaz-de-eva-pena","status":"publish","type":"post","link":"https:\/\/fadeweb.uncoma.edu.ar\/index.php\/2023\/09\/05\/presentacion-del-libro-recuerdos-de-una-nostalgia-fugaz-de-eva-pena\/","title":{"rendered":"PRESENTACI\u00d3N DEL LIBRO \u00abRECUERDOS DE UNA NOSTALGIA FUGAZ\u00bb DE EVA PE\u00d1A"},"content":{"rendered":"<p><img fetchpriority=\"high\" decoding=\"async\" class=\"alignnone wp-image-17077 alignleft\" src=\"https:\/\/fadeweb.uncoma.edu.ar\/wp-content\/uploads\/2023\/09\/EVA-PENA-FADECS-1024x1024.jpeg\" alt=\"\" width=\"600\" height=\"600\" srcset=\"https:\/\/fadeweb.uncoma.edu.ar\/wp-content\/uploads\/2023\/09\/EVA-PENA-FADECS-1024x1024.jpeg 1024w, https:\/\/fadeweb.uncoma.edu.ar\/wp-content\/uploads\/2023\/09\/EVA-PENA-FADECS-300x300.jpeg 300w, https:\/\/fadeweb.uncoma.edu.ar\/wp-content\/uploads\/2023\/09\/EVA-PENA-FADECS-150x150.jpeg 150w, https:\/\/fadeweb.uncoma.edu.ar\/wp-content\/uploads\/2023\/09\/EVA-PENA-FADECS-768x768.jpeg 768w, https:\/\/fadeweb.uncoma.edu.ar\/wp-content\/uploads\/2023\/09\/EVA-PENA-FADECS.jpeg 1080w\" sizes=\"(max-width: 600px) 100vw, 600px\" \/><\/p>\n<p style=\"text-align: left;\">Desde la Secretar\u00eda de Bienestar Estudiantil de FADECS, con participaci\u00f3n de la Secretar\u00eda Acad\u00e9mica y personal de la Biblioteca Ernesto S\u00e1bato, queremos invitarles a la presentaci\u00f3n del libro \u00abRecuerdos de una nostalgia fugaz\u00bb de Eva Pe\u00f1a, en el marco del d\u00eda de les estudiantes.<\/p>\n<p style=\"text-align: left;\">La misma se realizar\u00e1 el <strong>jueves 14\/9 a las 18 hs en la Biblioteca Ernesto S\u00e1bato.<\/strong><\/p>\n<p style=\"text-align: left;\"><strong>Cronograma:<\/strong><br \/>\n18.00 hs: Lecturas.<br \/>\n18.30 hs: conversaci\u00f3n con la autora del libro.<br \/>\n19.15 hs: cierre de la actividad, con caf\u00e9 y algo para compartir.<br \/>\nLes esperamos!!<br \/>\nActividad abierta a toda la comunidad.<\/p>\n<p style=\"text-align: left;\">\u00a1En Defensa de la Universidad Publica!<\/p>\n","protected":false},"excerpt":{"rendered":"<p>Desde la Secretar\u00eda de Bienestar Estudiantil de FADECS, con participaci\u00f3n de la Secretar\u00eda Acad\u00e9mica y personal de la Biblioteca Ernesto S\u00e1bato, queremos invitarles a la presentaci\u00f3n del libro \u00abRecuerdos de una nostalgia fugaz\u00bb de Eva Pe\u00f1a, en el marco del d\u00eda de les estudiantes. La misma se realizar\u00e1 el jueves 14\/9 a las 18 hs [&hellip;]<\/p>\n","protected":false},"author":4,"featured_media":17077,"comment_status":"closed","ping_status":"closed","sticky":false,"template":"","format":"standard","meta":{"footnotes":""},"categories":[5],"tags":[],"class_list":["post-17075","post","type-post","status-publish","format-standard","has-post-thumbnail","hentry","category-notifadecs"],"_links":{"self":[{"href":"https:\/\/fadeweb.uncoma.edu.ar\/index.php\/wp-json\/wp\/v2\/posts\/17075","targetHints":{"allow":["GET"]}}],"collection":[{"href":"https:\/\/fadeweb.uncoma.edu.ar\/index.php\/wp-json\/wp\/v2\/posts"}],"about":[{"href":"https:\/\/fadeweb.uncoma.edu.ar\/index.php\/wp-json\/wp\/v2\/types\/post"}],"author":[{"embeddable":true,"href":"https:\/\/fadeweb.uncoma.edu.ar\/index.php\/wp-json\/wp\/v2\/users\/4"}],"replies":[{"embeddable":true,"href":"https:\/\/fadeweb.uncoma.edu.ar\/index.php\/wp-json\/wp\/v2\/comments?post=17075"}],"version-history":[{"count":1,"href":"https:\/\/fadeweb.uncoma.edu.ar\/index.php\/wp-json\/wp\/v2\/posts\/17075\/revisions"}],"predecessor-version":[{"id":17078,"href":"https:\/\/fadeweb.uncoma.edu.ar\/index.php\/wp-json\/wp\/v2\/posts\/17075\/revisions\/17078"}],"wp:featuredmedia":[{"embeddable":true,"href":"https:\/\/fadeweb.uncoma.edu.ar\/index.php\/wp-json\/wp\/v2\/media\/17077"}],"wp:attachment":[{"href":"https:\/\/fadeweb.uncoma.edu.ar\/index.php\/wp-json\/wp\/v2\/media?parent=17075"}],"wp:term":[{"taxonomy":"category","embeddable":true,"href":"https:\/\/fadeweb.uncoma.edu.ar\/index.php\/wp-json\/wp\/v2\/categories?post=17075"},{"taxonomy":"post_tag","embeddable":true,"href":"https:\/\/fadeweb.uncoma.edu.ar\/index.php\/wp-json\/wp\/v2\/tags?post=17075"}],"curies":[{"name":"wp","href":"https:\/\/api.w.org\/{rel}","templated":true}]}}