{"id":17066,"date":"2023-09-05T10:29:08","date_gmt":"2023-09-05T13:29:08","guid":{"rendered":"https:\/\/fadeweb.uncoma.edu.ar\/?p=17066"},"modified":"2023-09-05T12:31:29","modified_gmt":"2023-09-05T15:31:29","slug":"atencion-ingresantes-que-adeudan-materias-de-estudios-secundarios","status":"publish","type":"post","link":"https:\/\/fadeweb.uncoma.edu.ar\/index.php\/2023\/09\/05\/atencion-ingresantes-que-adeudan-materias-de-estudios-secundarios\/","title":{"rendered":"\u00a1ATENCI\u00d3N INGRESANTES QUE ADEUDAN MATERIAS DE ESTUDIOS SECUNDARIOS!"},"content":{"rendered":"<p><img fetchpriority=\"high\" decoding=\"async\" class=\"alignnone wp-image-17068\" src=\"https:\/\/fadeweb.uncoma.edu.ar\/wp-content\/uploads\/2023\/09\/20d7f02b-2fef-4ce4-8baf-3e38f7a13c9c.jpg\" alt=\"\" width=\"557\" height=\"600\" srcset=\"https:\/\/fadeweb.uncoma.edu.ar\/wp-content\/uploads\/2023\/09\/20d7f02b-2fef-4ce4-8baf-3e38f7a13c9c.jpg 720w, https:\/\/fadeweb.uncoma.edu.ar\/wp-content\/uploads\/2023\/09\/20d7f02b-2fef-4ce4-8baf-3e38f7a13c9c-278x300.jpg 278w\" sizes=\"(max-width: 557px) 100vw, 557px\" \/><\/p>\n<p>El decano de la Facultad de Derecho y Ciencias Sociales resolvi\u00f3 prorrogar hasta el 30 de septiembre de 2023 la presentaci\u00f3n del Certificado de Estudios Finales de Nivel Medio o la Constancia de finalizaci\u00f3n a los\/as estudiantes inscriptos\/as condicionales para el a\u00f1o acad\u00e9mico 2023 (Resoluci\u00f3n N\u00ba 0511\/2023).<\/p>\n<p><a href=\"https:\/\/fadeweb.uncoma.edu.ar\/wp-content\/uploads\/2023\/09\/RES.-511-PRORROGA-PRESENTACION-CERTIFICADOS.pdf\">RES. 511- PRORROGA PRESENTACION CERTIFICADOS<\/a><\/p>\n<p>\u00a1En Defensa de la Universidad Publica!<\/p>\n","protected":false},"excerpt":{"rendered":"<p>El decano de la Facultad de Derecho y Ciencias Sociales resolvi\u00f3 prorrogar hasta el 30 de septiembre de 2023 la presentaci\u00f3n del Certificado de Estudios Finales de Nivel Medio o la Constancia de finalizaci\u00f3n a los\/as estudiantes inscriptos\/as condicionales para el a\u00f1o acad\u00e9mico 2023 (Resoluci\u00f3n N\u00ba 0511\/2023). RES. 511- PRORROGA PRESENTACION CERTIFICADOS \u00a1En Defensa de [&hellip;]<\/p>\n","protected":false},"author":4,"featured_media":17068,"comment_status":"closed","ping_status":"closed","sticky":false,"template":"","format":"standard","meta":{"footnotes":""},"categories":[52,92,5],"tags":[],"class_list":["post-17066","post","type-post","status-publish","format-standard","has-post-thumbnail","hentry","category-academica","category-ingresantes","category-notifadecs"],"_links":{"self":[{"href":"https:\/\/fadeweb.uncoma.edu.ar\/index.php\/wp-json\/wp\/v2\/posts\/17066","targetHints":{"allow":["GET"]}}],"collection":[{"href":"https:\/\/fadeweb.uncoma.edu.ar\/index.php\/wp-json\/wp\/v2\/posts"}],"about":[{"href":"https:\/\/fadeweb.uncoma.edu.ar\/index.php\/wp-json\/wp\/v2\/types\/post"}],"author":[{"embeddable":true,"href":"https:\/\/fadeweb.uncoma.edu.ar\/index.php\/wp-json\/wp\/v2\/users\/4"}],"replies":[{"embeddable":true,"href":"https:\/\/fadeweb.uncoma.edu.ar\/index.php\/wp-json\/wp\/v2\/comments?post=17066"}],"version-history":[{"count":2,"href":"https:\/\/fadeweb.uncoma.edu.ar\/index.php\/wp-json\/wp\/v2\/posts\/17066\/revisions"}],"predecessor-version":[{"id":17074,"href":"https:\/\/fadeweb.uncoma.edu.ar\/index.php\/wp-json\/wp\/v2\/posts\/17066\/revisions\/17074"}],"wp:featuredmedia":[{"embeddable":true,"href":"https:\/\/fadeweb.uncoma.edu.ar\/index.php\/wp-json\/wp\/v2\/media\/17068"}],"wp:attachment":[{"href":"https:\/\/fadeweb.uncoma.edu.ar\/index.php\/wp-json\/wp\/v2\/media?parent=17066"}],"wp:term":[{"taxonomy":"category","embeddable":true,"href":"https:\/\/fadeweb.uncoma.edu.ar\/index.php\/wp-json\/wp\/v2\/categories?post=17066"},{"taxonomy":"post_tag","embeddable":true,"href":"https:\/\/fadeweb.uncoma.edu.ar\/index.php\/wp-json\/wp\/v2\/tags?post=17066"}],"curies":[{"name":"wp","href":"https:\/\/api.w.org\/{rel}","templated":true}]}}