{"id":16945,"date":"2018-10-22T13:08:23","date_gmt":"2018-10-22T16:08:23","guid":{"rendered":"https:\/\/fadeweb.uncoma.edu.ar\/?p=16945"},"modified":"2023-08-31T13:09:05","modified_gmt":"2023-08-31T16:09:05","slug":"vii-festival-la-mirada-del-sur","status":"publish","type":"post","link":"https:\/\/fadeweb.uncoma.edu.ar\/index.php\/2018\/10\/22\/vii-festival-la-mirada-del-sur\/","title":{"rendered":"VII Festival \u201cLA MIRADA DEL SUR\u201d"},"content":{"rendered":"<p><img fetchpriority=\"high\" decoding=\"async\" class=\"alignnone size-large wp-image-16946\" src=\"https:\/\/fadeweb.uncoma.edu.ar\/wp-content\/uploads\/2023\/08\/lamiradadelsu-1920-916x1024.jpg\" alt=\"\" width=\"800\" height=\"894\" srcset=\"https:\/\/fadeweb.uncoma.edu.ar\/wp-content\/uploads\/2023\/08\/lamiradadelsu-1920-916x1024.jpg 916w, https:\/\/fadeweb.uncoma.edu.ar\/wp-content\/uploads\/2023\/08\/lamiradadelsu-1920-268x300.jpg 268w, https:\/\/fadeweb.uncoma.edu.ar\/wp-content\/uploads\/2023\/08\/lamiradadelsu-1920-768x858.jpg 768w, https:\/\/fadeweb.uncoma.edu.ar\/wp-content\/uploads\/2023\/08\/lamiradadelsu-1920-1374x1536.jpg 1374w, https:\/\/fadeweb.uncoma.edu.ar\/wp-content\/uploads\/2023\/08\/lamiradadelsu-1920-1832x2048.jpg 1832w, https:\/\/fadeweb.uncoma.edu.ar\/wp-content\/uploads\/2023\/08\/lamiradadelsu-1920.jpg 1920w\" sizes=\"(max-width: 800px) 100vw, 800px\" \/><\/p>\n<p class=\"texto\"><strong>Cine-Televisi\u00f3n-Transmedia-Web<\/strong><\/p>\n<p class=\"texto\"><strong>\u201cLA MUJER EN EL AUDIOVISUAL\u201d<\/strong><\/p>\n<p class=\"texto\">El d\u00eda 01 y 02 de Noviembre de 2018, de 10 a 12 hs, se llevar\u00e1 a cabo en el aula auditorio de la FADECS el VII Festival \u201cLA MIRADA DEL SUR\u201d, Cine-Televisi\u00f3n-Transmedia-Web. El tema de esta nueva edici\u00f3n es: \u201cLA MUJER EN EL AUDIOVISUAL\u201d.<\/p>\n<p class=\"texto\">Durante\u00a0 esos d\u00edas se desarrollar\u00e1n, relator\u00edas de experiencias de Mujeres realizadoras, Talleres, Proyecciones al aire libre \u201cReposera Cine\u201d, mesa debate, Conferencias, y presentaciones. Participar\u00e1n realizadoras, cineastas, regionales y nacionales.<\/p>\n<p class=\"texto\">Otras de las actividades importantes que tendr\u00e1 el Festival ser\u00e1 la presentaci\u00f3n de MuMA Alto Valle de R\u00edo Negro.<\/p>\n<p class=\"texto\">El Festival \u201cLa Mirada del Sur\u201d es organizado desde el a\u00f1o 2002 por el \u201cCentro de Estudios Patag\u00f3nicos de Comunicaci\u00f3n y Cultura\u201d y en sus ya 16 a\u00f1os de historia del festival se ha presentado y reconocido la trayectoria de realizadores patag\u00f3nicos como Lorenzo Kelly, Carlos Procopiuk, Alberto Vilanova, de realizadores nacionales como Fernando Birri y Jorge Prelor\u00e1n, adem\u00e1s de realizar investigaciones y publicaciones sobre el audiovisual regional a trav\u00e9s de los a\u00f1os.<\/p>\n<p class=\"texto\">La propuesta de este a\u00f1o \u201cLa Mujer en el Audiovisual\u201d surge de la\u00a0 investigaci\u00f3n y el an\u00e1lisis de los discursos originados desde el lenguaje audiovisual en sus diversos medios, soportes, g\u00e9neros y formatos desarrollados en la historia.<\/p>\n<p class=\"texto\">Para mayor informaci\u00f3n sobre el Festival \u201cLa Mirada del Sur\u201d dirigirse al Centro de Estudios Patag\u00f3nicos de Comunicaci\u00f3n y Cultura, Universidad Nacional del Comahue, Facultad de Derecho y Ciencias Sociales, en Mendoza y Per\u00fa (8332), de General Roca, R\u00edo Negro, Patagonia Argentina.<\/p>\n<p class=\"texto\">E-mail: <a href=\"mailto:fotopatagonica@yahoo.com.ar\">fotopatagonica@yahoo.com.ar<\/a><\/p>\n","protected":false},"excerpt":{"rendered":"<p>Cine-Televisi\u00f3n-Transmedia-Web \u201cLA MUJER EN EL AUDIOVISUAL\u201d El d\u00eda 01 y 02 de Noviembre de 2018, de 10 a 12 hs, se llevar\u00e1 a cabo en el aula auditorio de la FADECS el VII Festival \u201cLA MIRADA DEL SUR\u201d, Cine-Televisi\u00f3n-Transmedia-Web. El tema de esta nueva edici\u00f3n es: \u201cLA MUJER EN EL AUDIOVISUAL\u201d. Durante\u00a0 esos d\u00edas se [&hellip;]<\/p>\n","protected":false},"author":2,"featured_media":16946,"comment_status":"closed","ping_status":"closed","sticky":false,"template":"","format":"standard","meta":{"footnotes":""},"categories":[11,5],"tags":[],"class_list":["post-16945","post","type-post","status-publish","format-standard","has-post-thumbnail","hentry","category-11","category-notifadecs"],"_links":{"self":[{"href":"https:\/\/fadeweb.uncoma.edu.ar\/index.php\/wp-json\/wp\/v2\/posts\/16945","targetHints":{"allow":["GET"]}}],"collection":[{"href":"https:\/\/fadeweb.uncoma.edu.ar\/index.php\/wp-json\/wp\/v2\/posts"}],"about":[{"href":"https:\/\/fadeweb.uncoma.edu.ar\/index.php\/wp-json\/wp\/v2\/types\/post"}],"author":[{"embeddable":true,"href":"https:\/\/fadeweb.uncoma.edu.ar\/index.php\/wp-json\/wp\/v2\/users\/2"}],"replies":[{"embeddable":true,"href":"https:\/\/fadeweb.uncoma.edu.ar\/index.php\/wp-json\/wp\/v2\/comments?post=16945"}],"version-history":[{"count":1,"href":"https:\/\/fadeweb.uncoma.edu.ar\/index.php\/wp-json\/wp\/v2\/posts\/16945\/revisions"}],"predecessor-version":[{"id":16947,"href":"https:\/\/fadeweb.uncoma.edu.ar\/index.php\/wp-json\/wp\/v2\/posts\/16945\/revisions\/16947"}],"wp:featuredmedia":[{"embeddable":true,"href":"https:\/\/fadeweb.uncoma.edu.ar\/index.php\/wp-json\/wp\/v2\/media\/16946"}],"wp:attachment":[{"href":"https:\/\/fadeweb.uncoma.edu.ar\/index.php\/wp-json\/wp\/v2\/media?parent=16945"}],"wp:term":[{"taxonomy":"category","embeddable":true,"href":"https:\/\/fadeweb.uncoma.edu.ar\/index.php\/wp-json\/wp\/v2\/categories?post=16945"},{"taxonomy":"post_tag","embeddable":true,"href":"https:\/\/fadeweb.uncoma.edu.ar\/index.php\/wp-json\/wp\/v2\/tags?post=16945"}],"curies":[{"name":"wp","href":"https:\/\/api.w.org\/{rel}","templated":true}]}}