{"id":16856,"date":"2023-08-30T14:17:11","date_gmt":"2023-08-30T17:17:11","guid":{"rendered":"https:\/\/fadeweb.uncoma.edu.ar\/?p=16856"},"modified":"2023-08-30T14:17:23","modified_gmt":"2023-08-30T17:17:23","slug":"cierre-de-las-vi-jornadas-de-investigacion-y-extension-de-fadecs","status":"publish","type":"post","link":"https:\/\/fadeweb.uncoma.edu.ar\/index.php\/2023\/08\/30\/cierre-de-las-vi-jornadas-de-investigacion-y-extension-de-fadecs\/","title":{"rendered":"CIERRE DE LAS VI JORNADAS DE INVESTIGACI\u00d3N Y EXTENSI\u00d3N DE FADECS"},"content":{"rendered":"<p><img fetchpriority=\"high\" decoding=\"async\" class=\"alignnone wp-image-16857 alignleft\" src=\"https:\/\/fadeweb.uncoma.edu.ar\/wp-content\/uploads\/2023\/08\/conferencia-cierre-1-1024x1024.jpg\" alt=\"\" width=\"600\" height=\"600\" srcset=\"https:\/\/fadeweb.uncoma.edu.ar\/wp-content\/uploads\/2023\/08\/conferencia-cierre-1-1024x1024.jpg 1024w, https:\/\/fadeweb.uncoma.edu.ar\/wp-content\/uploads\/2023\/08\/conferencia-cierre-1-300x300.jpg 300w, https:\/\/fadeweb.uncoma.edu.ar\/wp-content\/uploads\/2023\/08\/conferencia-cierre-1-150x150.jpg 150w, https:\/\/fadeweb.uncoma.edu.ar\/wp-content\/uploads\/2023\/08\/conferencia-cierre-1-768x768.jpg 768w, https:\/\/fadeweb.uncoma.edu.ar\/wp-content\/uploads\/2023\/08\/conferencia-cierre-1.jpg 1080w\" sizes=\"(max-width: 600px) 100vw, 600px\" \/><\/p>\n<p style=\"text-align: left;\">La Secretar\u00eda de Ciencia y T\u00e9cnica conjuntamente con la Secretaria de Extensi\u00f3n de la Facultad de Derecho y Ciencias Sociales de la Universidad Nacional del Comahue invitan a las VI Jornadas de Investigaci\u00f3n y Extensi\u00f3n de FADECS \u201cDesaf\u00edos de Investigar en Pandemia y en Pospandemia\u201d, que se realizar\u00e1n el 14 y 15 septiembre 2023.<\/p>\n<p style=\"text-align: left;\">Las VI Jornadas finalizan el viernes 15 a las 16 horas en el Auditorio, con un Conversatorio de cierre a cargo del Lic. Fabricio Oyarbide sobre \u201cUniversidad y Territorio. Curricularizaci\u00f3n de la Extensi\u00f3n\u201d.<\/p>\n<p style=\"text-align: left;\">Y luego a las 17 horas con el Conversatorio de cierre a cargo del Dr. Guido Giorgi, jefe de gabinete de la Agencia I+D+i (Agencia Nacional de Promoci\u00f3n de la Investigaci\u00f3n, el Desarrollo Tecnol\u00f3gico y la Innovaci\u00f3n).<\/p>\n<p style=\"text-align: left;\"><strong>Programa para descargar:<\/strong> <a href=\"https:\/\/fadeweb.uncoma.edu.ar\/wp-content\/uploads\/2023\/08\/Programa-redes-final-28-08-1.pdf\">https:\/\/fadeweb.uncoma.edu.ar\/wp-content\/uploads\/2023\/08\/Programa-redes-final-28-08-1.pdf<\/a><\/p>\n","protected":false},"excerpt":{"rendered":"<p>La Secretar\u00eda de Ciencia y T\u00e9cnica conjuntamente con la Secretaria de Extensi\u00f3n de la Facultad de Derecho y Ciencias Sociales de la Universidad Nacional del Comahue invitan a las VI Jornadas de Investigaci\u00f3n y Extensi\u00f3n de FADECS \u201cDesaf\u00edos de Investigar en Pandemia y en Pospandemia\u201d, que se realizar\u00e1n el 14 y 15 septiembre 2023. Las [&hellip;]<\/p>\n","protected":false},"author":4,"featured_media":16857,"comment_status":"closed","ping_status":"closed","sticky":false,"template":"","format":"standard","meta":{"footnotes":""},"categories":[5,100],"tags":[],"class_list":["post-16856","post","type-post","status-publish","format-standard","has-post-thumbnail","hentry","category-notifadecs","category-vi-jornadas-de-investigacion-y-extension"],"_links":{"self":[{"href":"https:\/\/fadeweb.uncoma.edu.ar\/index.php\/wp-json\/wp\/v2\/posts\/16856","targetHints":{"allow":["GET"]}}],"collection":[{"href":"https:\/\/fadeweb.uncoma.edu.ar\/index.php\/wp-json\/wp\/v2\/posts"}],"about":[{"href":"https:\/\/fadeweb.uncoma.edu.ar\/index.php\/wp-json\/wp\/v2\/types\/post"}],"author":[{"embeddable":true,"href":"https:\/\/fadeweb.uncoma.edu.ar\/index.php\/wp-json\/wp\/v2\/users\/4"}],"replies":[{"embeddable":true,"href":"https:\/\/fadeweb.uncoma.edu.ar\/index.php\/wp-json\/wp\/v2\/comments?post=16856"}],"version-history":[{"count":2,"href":"https:\/\/fadeweb.uncoma.edu.ar\/index.php\/wp-json\/wp\/v2\/posts\/16856\/revisions"}],"predecessor-version":[{"id":16859,"href":"https:\/\/fadeweb.uncoma.edu.ar\/index.php\/wp-json\/wp\/v2\/posts\/16856\/revisions\/16859"}],"wp:featuredmedia":[{"embeddable":true,"href":"https:\/\/fadeweb.uncoma.edu.ar\/index.php\/wp-json\/wp\/v2\/media\/16857"}],"wp:attachment":[{"href":"https:\/\/fadeweb.uncoma.edu.ar\/index.php\/wp-json\/wp\/v2\/media?parent=16856"}],"wp:term":[{"taxonomy":"category","embeddable":true,"href":"https:\/\/fadeweb.uncoma.edu.ar\/index.php\/wp-json\/wp\/v2\/categories?post=16856"},{"taxonomy":"post_tag","embeddable":true,"href":"https:\/\/fadeweb.uncoma.edu.ar\/index.php\/wp-json\/wp\/v2\/tags?post=16856"}],"curies":[{"name":"wp","href":"https:\/\/api.w.org\/{rel}","templated":true}]}}