{"id":16846,"date":"2023-08-30T13:51:45","date_gmt":"2023-08-30T16:51:45","guid":{"rendered":"https:\/\/fadeweb.uncoma.edu.ar\/?p=16846"},"modified":"2023-08-30T13:51:45","modified_gmt":"2023-08-30T16:51:45","slug":"conversatorio-ius-comahue-sobre-jurisprudencia-del-stj-de-rio-negro-y-tsj-de-neuquen-en-materia-de-derecho-ambiental-y-urbanismo","status":"publish","type":"post","link":"https:\/\/fadeweb.uncoma.edu.ar\/index.php\/2023\/08\/30\/conversatorio-ius-comahue-sobre-jurisprudencia-del-stj-de-rio-negro-y-tsj-de-neuquen-en-materia-de-derecho-ambiental-y-urbanismo\/","title":{"rendered":"CONVERSATORIO IUS COMAHUE SOBRE JURISPRUDENCIA DEL STJ DE R\u00cdO NEGRO Y TSJ DE NEUQU\u00c9N EN MATERIA DE DERECHO AMBIENTAL Y URBANISMO"},"content":{"rendered":"<p><img fetchpriority=\"high\" decoding=\"async\" class=\"alignnone wp-image-16847 alignleft\" src=\"https:\/\/fadeweb.uncoma.edu.ar\/wp-content\/uploads\/2023\/08\/Flyer-724x1024.jpg\" alt=\"\" width=\"566\" height=\"800\" srcset=\"https:\/\/fadeweb.uncoma.edu.ar\/wp-content\/uploads\/2023\/08\/Flyer-724x1024.jpg 724w, https:\/\/fadeweb.uncoma.edu.ar\/wp-content\/uploads\/2023\/08\/Flyer-212x300.jpg 212w, https:\/\/fadeweb.uncoma.edu.ar\/wp-content\/uploads\/2023\/08\/Flyer-768x1086.jpg 768w, https:\/\/fadeweb.uncoma.edu.ar\/wp-content\/uploads\/2023\/08\/Flyer-1086x1536.jpg 1086w, https:\/\/fadeweb.uncoma.edu.ar\/wp-content\/uploads\/2023\/08\/Flyer.jpg 1241w\" sizes=\"(max-width: 566px) 100vw, 566px\" \/>La revista jur\u00eddica <strong>\u201cIus Comahue\u201d<\/strong> invita al <strong>\u201cConversatorio Ius Comahue: An\u00e1lisis de la Jurisprudencia del TSJ de Neuqu\u00e9n y el STJ de R\u00edo Negro en materia de Derecho Ambiental y Urbanismo\u201d<\/strong>, que se realizar\u00e1 el jueves 07 de septiembre de 18 a 20 en el aula 5 de la FADECS.<\/p>\n<p>El encuentro contar\u00e1 con la participaci\u00f3n, en car\u00e1cter de disertantes, del Prof. Diego Fuentes (docente de Recursos Naturales y Aspectos Jur\u00eddicos e Institucionales en FADECS) y del Prof. Jose Pusterla (docente de Derecho Administrativo en FADECS y docente de Derecho Constitucional en UFLO).<\/p>\n<p>La charla tendr\u00e1 formato h\u00edbrido, presencial en la sede de la FADECS y remota por Zoom, ser\u00e1 de acceso libre y gratuito, con cupo de participantes, y con entrega de certificados.<\/p>\n<p>Est\u00e1 dirigida a estudiantes de grado, graduados\/as y posgraduados\/as de la carrera de abogac\u00eda, investigadoras\/es, integrantes del poder judicial provincial y organismos p\u00fablicos en general, profesionales en ejercicio liberal de la profesi\u00f3n y p\u00fablico en general.<\/p>\n<p><a href=\"https:\/\/docs.google.com\/forms\/d\/e\/1FAIpQLSezkSYDtNIqfyxUCPKMTsHm1R9c1NWpvKJD_iTMKAUVsE8YDQ\/viewform?fbclid=IwAR0Srb1cadFPFd27TkeNFnqE06Rqv0qHpRE-sxyZLzjDne0dbwHNR8d3Bys\">INSCRIPCION<\/a><\/p>\n<p>Mas informaci\u00f3n Ius Comahue o <a href=\"https:\/\/iuscomahue.com\/\">www.iuscomahue.com<\/a><\/p>\n","protected":false},"excerpt":{"rendered":"<p>La revista jur\u00eddica \u201cIus Comahue\u201d invita al \u201cConversatorio Ius Comahue: An\u00e1lisis de la Jurisprudencia del TSJ de Neuqu\u00e9n y el STJ de R\u00edo Negro en materia de Derecho Ambiental y Urbanismo\u201d, que se realizar\u00e1 el jueves 07 de septiembre de 18 a 20 en el aula 5 de la FADECS. El encuentro contar\u00e1 con la [&hellip;]<\/p>\n","protected":false},"author":4,"featured_media":16847,"comment_status":"closed","ping_status":"closed","sticky":false,"template":"","format":"standard","meta":{"footnotes":""},"categories":[5],"tags":[],"class_list":["post-16846","post","type-post","status-publish","format-standard","has-post-thumbnail","hentry","category-notifadecs"],"_links":{"self":[{"href":"https:\/\/fadeweb.uncoma.edu.ar\/index.php\/wp-json\/wp\/v2\/posts\/16846","targetHints":{"allow":["GET"]}}],"collection":[{"href":"https:\/\/fadeweb.uncoma.edu.ar\/index.php\/wp-json\/wp\/v2\/posts"}],"about":[{"href":"https:\/\/fadeweb.uncoma.edu.ar\/index.php\/wp-json\/wp\/v2\/types\/post"}],"author":[{"embeddable":true,"href":"https:\/\/fadeweb.uncoma.edu.ar\/index.php\/wp-json\/wp\/v2\/users\/4"}],"replies":[{"embeddable":true,"href":"https:\/\/fadeweb.uncoma.edu.ar\/index.php\/wp-json\/wp\/v2\/comments?post=16846"}],"version-history":[{"count":1,"href":"https:\/\/fadeweb.uncoma.edu.ar\/index.php\/wp-json\/wp\/v2\/posts\/16846\/revisions"}],"predecessor-version":[{"id":16848,"href":"https:\/\/fadeweb.uncoma.edu.ar\/index.php\/wp-json\/wp\/v2\/posts\/16846\/revisions\/16848"}],"wp:featuredmedia":[{"embeddable":true,"href":"https:\/\/fadeweb.uncoma.edu.ar\/index.php\/wp-json\/wp\/v2\/media\/16847"}],"wp:attachment":[{"href":"https:\/\/fadeweb.uncoma.edu.ar\/index.php\/wp-json\/wp\/v2\/media?parent=16846"}],"wp:term":[{"taxonomy":"category","embeddable":true,"href":"https:\/\/fadeweb.uncoma.edu.ar\/index.php\/wp-json\/wp\/v2\/categories?post=16846"},{"taxonomy":"post_tag","embeddable":true,"href":"https:\/\/fadeweb.uncoma.edu.ar\/index.php\/wp-json\/wp\/v2\/tags?post=16846"}],"curies":[{"name":"wp","href":"https:\/\/api.w.org\/{rel}","templated":true}]}}