{"id":16769,"date":"2018-11-02T11:34:19","date_gmt":"2018-11-02T14:34:19","guid":{"rendered":"https:\/\/fadeweb.uncoma.edu.ar\/?p=16769"},"modified":"2023-08-25T11:35:00","modified_gmt":"2023-08-25T14:35:00","slug":"la-fadecs-visita-campo-grande-2","status":"publish","type":"post","link":"https:\/\/fadeweb.uncoma.edu.ar\/index.php\/2018\/11\/02\/la-fadecs-visita-campo-grande-2\/","title":{"rendered":"LA FADECS VISITA CAMPO GRANDE"},"content":{"rendered":"<p><img fetchpriority=\"high\" decoding=\"async\" class=\"alignnone size-large wp-image-16739\" src=\"https:\/\/fadeweb.uncoma.edu.ar\/wp-content\/uploads\/2023\/08\/MANZANO-1024x682.jpg\" alt=\"\" width=\"800\" height=\"533\" srcset=\"https:\/\/fadeweb.uncoma.edu.ar\/wp-content\/uploads\/2023\/08\/MANZANO-1024x682.jpg 1024w, https:\/\/fadeweb.uncoma.edu.ar\/wp-content\/uploads\/2023\/08\/MANZANO-300x200.jpg 300w, https:\/\/fadeweb.uncoma.edu.ar\/wp-content\/uploads\/2023\/08\/MANZANO-768x512.jpg 768w, https:\/\/fadeweb.uncoma.edu.ar\/wp-content\/uploads\/2023\/08\/MANZANO-1536x1023.jpg 1536w, https:\/\/fadeweb.uncoma.edu.ar\/wp-content\/uploads\/2023\/08\/MANZANO.jpg 1702w\" sizes=\"(max-width: 800px) 100vw, 800px\" \/><\/p>\n<p class=\"texto\">Un equipo de la Facultad de Derecho y Ciencias Sociales concurrir\u00e1 el lunes 5 de noviembre a la localidad rionegrina de Campo Grande, lugar compuesto por los n\u00facleos urbanos de Villa Manzano, San Isidro, Sargento Vidal y El Labrador.<\/p>\n<p class=\"texto\">La actividad de difusi\u00f3n de las carreras de nuestra casa de estudio tendr\u00e1 una duraci\u00f3n de cuatro horas, y se llevar\u00e1 a cabo en el polideportivo municipal de Villa Manzano, al que se estima asistir\u00e1n unos cien j\u00f3venes. El personal de la Facultad llegar\u00e1 provisto de folleter\u00eda de nuestras carreras, del sistema de becas y otros programas del \u00e1rea de Bienestar, de tr\u00e1mites administrativos y gen\u00e9rica de la FADECS y la UNCo.<\/p>\n<p><span class=\"texto\"> El equipo humano de la Facultad, que expondr\u00e1 sobre las distintas \u00e1reas de incumbencia, estar\u00e1 integrado por: la Vicedecana Mar\u00eda Raquel Calvo, docente de la carrera de Abogac\u00eda; Mery Catrileo Salazar, docente de la carrera Licenciatura en Servicio Social y vinculada con organizadores de la localidad; Rita Bustos, del \u00c1rea Orientaci\u00f3n Acad\u00e9mica; Ra\u00fal Guti\u00e9rrez, del Departamento de Alumnos y gestiones administrativas; del Secretario de Bienestar Lic. Alejandro Goya Villagr\u00e1n; y estudiantes avanzados de las carreras de Comunicaci\u00f3n Social y Sociolog\u00eda.<\/span><\/p>\n","protected":false},"excerpt":{"rendered":"<p>Un equipo de la Facultad de Derecho y Ciencias Sociales concurrir\u00e1 el lunes 5 de noviembre a la localidad rionegrina de Campo Grande, lugar compuesto por los n\u00facleos urbanos de Villa Manzano, San Isidro, Sargento Vidal y El Labrador. La actividad de difusi\u00f3n de las carreras de nuestra casa de estudio tendr\u00e1 una duraci\u00f3n de [&hellip;]<\/p>\n","protected":false},"author":2,"featured_media":16739,"comment_status":"closed","ping_status":"closed","sticky":false,"template":"","format":"standard","meta":{"footnotes":""},"categories":[11,5],"tags":[],"class_list":["post-16769","post","type-post","status-publish","format-standard","has-post-thumbnail","hentry","category-11","category-notifadecs"],"_links":{"self":[{"href":"https:\/\/fadeweb.uncoma.edu.ar\/index.php\/wp-json\/wp\/v2\/posts\/16769","targetHints":{"allow":["GET"]}}],"collection":[{"href":"https:\/\/fadeweb.uncoma.edu.ar\/index.php\/wp-json\/wp\/v2\/posts"}],"about":[{"href":"https:\/\/fadeweb.uncoma.edu.ar\/index.php\/wp-json\/wp\/v2\/types\/post"}],"author":[{"embeddable":true,"href":"https:\/\/fadeweb.uncoma.edu.ar\/index.php\/wp-json\/wp\/v2\/users\/2"}],"replies":[{"embeddable":true,"href":"https:\/\/fadeweb.uncoma.edu.ar\/index.php\/wp-json\/wp\/v2\/comments?post=16769"}],"version-history":[{"count":1,"href":"https:\/\/fadeweb.uncoma.edu.ar\/index.php\/wp-json\/wp\/v2\/posts\/16769\/revisions"}],"predecessor-version":[{"id":16770,"href":"https:\/\/fadeweb.uncoma.edu.ar\/index.php\/wp-json\/wp\/v2\/posts\/16769\/revisions\/16770"}],"wp:featuredmedia":[{"embeddable":true,"href":"https:\/\/fadeweb.uncoma.edu.ar\/index.php\/wp-json\/wp\/v2\/media\/16739"}],"wp:attachment":[{"href":"https:\/\/fadeweb.uncoma.edu.ar\/index.php\/wp-json\/wp\/v2\/media?parent=16769"}],"wp:term":[{"taxonomy":"category","embeddable":true,"href":"https:\/\/fadeweb.uncoma.edu.ar\/index.php\/wp-json\/wp\/v2\/categories?post=16769"},{"taxonomy":"post_tag","embeddable":true,"href":"https:\/\/fadeweb.uncoma.edu.ar\/index.php\/wp-json\/wp\/v2\/tags?post=16769"}],"curies":[{"name":"wp","href":"https:\/\/api.w.org\/{rel}","templated":true}]}}