{"id":16393,"date":"2023-08-01T11:48:51","date_gmt":"2023-08-01T14:48:51","guid":{"rendered":"https:\/\/fadeweb.uncoma.edu.ar\/?p=16393"},"modified":"2023-08-01T11:48:51","modified_gmt":"2023-08-01T14:48:51","slug":"becas-para-la-jornada-la-escritura-como-reparo-de-la-salud-mental-colectiva-formas-de-escribir-y-pensar-la-salud-de-la-gente-que-trabaja-con-gente","status":"publish","type":"post","link":"https:\/\/fadeweb.uncoma.edu.ar\/index.php\/2023\/08\/01\/becas-para-la-jornada-la-escritura-como-reparo-de-la-salud-mental-colectiva-formas-de-escribir-y-pensar-la-salud-de-la-gente-que-trabaja-con-gente\/","title":{"rendered":"BECAS PARA LA JORNADA \u201cLA ESCRITURA COMO REPARO DE LA SALUD MENTAL COLECTIVA. FORMAS DE ESCRIBIR Y PENSAR LA SALUD DE LA GENTE QUE TRABAJA CON GENTE\u201d"},"content":{"rendered":"<p><img fetchpriority=\"high\" decoding=\"async\" class=\"alignnone wp-image-16394\" src=\"https:\/\/fadeweb.uncoma.edu.ar\/wp-content\/uploads\/2023\/08\/Flyer-Capacitacion-AATUA-1024x724.jpg\" alt=\"\" width=\"600\" height=\"424\" srcset=\"https:\/\/fadeweb.uncoma.edu.ar\/wp-content\/uploads\/2023\/08\/Flyer-Capacitacion-AATUA-1024x724.jpg 1024w, https:\/\/fadeweb.uncoma.edu.ar\/wp-content\/uploads\/2023\/08\/Flyer-Capacitacion-AATUA-300x212.jpg 300w, https:\/\/fadeweb.uncoma.edu.ar\/wp-content\/uploads\/2023\/08\/Flyer-Capacitacion-AATUA-768x543.jpg 768w, https:\/\/fadeweb.uncoma.edu.ar\/wp-content\/uploads\/2023\/08\/Flyer-Capacitacion-AATUA-1536x1086.jpg 1536w, https:\/\/fadeweb.uncoma.edu.ar\/wp-content\/uploads\/2023\/08\/Flyer-Capacitacion-AATUA.jpg 1600w\" sizes=\"(max-width: 600px) 100vw, 600px\" \/><\/p>\n<p>La Secretar\u00eda de Extensi\u00f3n y Asuntos Estudiantiles otorgar\u00e1 10 becas a estudiantes de las carreras de la FADECS para la jornada \u201cLa escritura como reparo de la salud mental colectiva. Formas de escribir y pensar la salud de la gente que trabaja con gente\u201d. Organizada por la Asociaci\u00f3n de Acompa\u00f1antes Terap\u00e9uticos \u201cUnidos para Acompa\u00f1arte de R\u00edo Negro (AATUA) filial oficial rionegrina de la Asociaci\u00f3n de Acompa\u00f1antes Terap\u00e9uticos de la Rep\u00fablica Argentina (AATRA).<\/p>\n<p><strong>D\u00eda y horario:<\/strong> 26 de agosto de 9 a 18 en las instalaciones de la FADECS.<\/p>\n<p><strong>Documentaci\u00f3n a presentar:<\/strong> certificado de regularidad y rendimiento acad\u00e9mico.<\/p>\n<p><strong>Inscripciones:<\/strong> desde el 1 al 18 de agosto<br \/>\n<a href=\"https:\/\/docs.google.com\/forms\/d\/e\/1FAIpQLSfDJziYD1xfn2yVnd98JbEidenLTxXp31bXP6Inn2Rud0jU2A\/viewform?usp=sf_link\">https:\/\/docs.google.com\/forms\/d\/e\/1FAIpQLSfDJziYD1xfn2yVnd98JbEidenLTxXp31bXP6Inn2Rud0jU2A\/viewform?usp=sf_link<\/a><\/p>\n<p>Por consultas comunicarse a: <a href=\"mailto:inscripciones.extensionfadecs@gmail.com\">inscripciones.extensionfadecs@gmail.com<\/a> o al celular 2984690225.<\/p>\n<p><a href=\"https:\/\/fadeweb.uncoma.edu.ar\/wp-content\/uploads\/2023\/08\/Programa-La-escritura-como-reparo-de-la-salud-mental-colectiva-2023.pdf\">Programa \u201cLa escritura como reparo de la salud mental colectiva\u201d 2023<\/a><\/p>\n","protected":false},"excerpt":{"rendered":"<p>La Secretar\u00eda de Extensi\u00f3n y Asuntos Estudiantiles otorgar\u00e1 10 becas a estudiantes de las carreras de la FADECS para la jornada \u201cLa escritura como reparo de la salud mental colectiva. Formas de escribir y pensar la salud de la gente que trabaja con gente\u201d. Organizada por la Asociaci\u00f3n de Acompa\u00f1antes Terap\u00e9uticos \u201cUnidos para Acompa\u00f1arte de [&hellip;]<\/p>\n","protected":false},"author":4,"featured_media":16394,"comment_status":"closed","ping_status":"closed","sticky":false,"template":"","format":"standard","meta":{"footnotes":""},"categories":[5],"tags":[],"class_list":["post-16393","post","type-post","status-publish","format-standard","has-post-thumbnail","hentry","category-notifadecs"],"_links":{"self":[{"href":"https:\/\/fadeweb.uncoma.edu.ar\/index.php\/wp-json\/wp\/v2\/posts\/16393","targetHints":{"allow":["GET"]}}],"collection":[{"href":"https:\/\/fadeweb.uncoma.edu.ar\/index.php\/wp-json\/wp\/v2\/posts"}],"about":[{"href":"https:\/\/fadeweb.uncoma.edu.ar\/index.php\/wp-json\/wp\/v2\/types\/post"}],"author":[{"embeddable":true,"href":"https:\/\/fadeweb.uncoma.edu.ar\/index.php\/wp-json\/wp\/v2\/users\/4"}],"replies":[{"embeddable":true,"href":"https:\/\/fadeweb.uncoma.edu.ar\/index.php\/wp-json\/wp\/v2\/comments?post=16393"}],"version-history":[{"count":2,"href":"https:\/\/fadeweb.uncoma.edu.ar\/index.php\/wp-json\/wp\/v2\/posts\/16393\/revisions"}],"predecessor-version":[{"id":16397,"href":"https:\/\/fadeweb.uncoma.edu.ar\/index.php\/wp-json\/wp\/v2\/posts\/16393\/revisions\/16397"}],"wp:featuredmedia":[{"embeddable":true,"href":"https:\/\/fadeweb.uncoma.edu.ar\/index.php\/wp-json\/wp\/v2\/media\/16394"}],"wp:attachment":[{"href":"https:\/\/fadeweb.uncoma.edu.ar\/index.php\/wp-json\/wp\/v2\/media?parent=16393"}],"wp:term":[{"taxonomy":"category","embeddable":true,"href":"https:\/\/fadeweb.uncoma.edu.ar\/index.php\/wp-json\/wp\/v2\/categories?post=16393"},{"taxonomy":"post_tag","embeddable":true,"href":"https:\/\/fadeweb.uncoma.edu.ar\/index.php\/wp-json\/wp\/v2\/tags?post=16393"}],"curies":[{"name":"wp","href":"https:\/\/api.w.org\/{rel}","templated":true}]}}