{"id":15614,"date":"2023-05-29T14:26:05","date_gmt":"2023-05-29T17:26:05","guid":{"rendered":"https:\/\/fadeweb.uncoma.edu.ar\/?p=15614"},"modified":"2023-05-29T14:26:05","modified_gmt":"2023-05-29T17:26:05","slug":"programa-prinuar-continua-abierta-la-convocatoria","status":"publish","type":"post","link":"https:\/\/fadeweb.uncoma.edu.ar\/index.php\/2023\/05\/29\/programa-prinuar-continua-abierta-la-convocatoria\/","title":{"rendered":"PROGRAMA PRINUAR: CONTIN\u00daA ABIERTA LA CONVOCATORIA"},"content":{"rendered":"<p><img fetchpriority=\"high\" decoding=\"async\" class=\"alignnone wp-image-15615\" src=\"https:\/\/fadeweb.uncoma.edu.ar\/wp-content\/uploads\/2023\/05\/prinuar1-1024x1024.jpeg\" alt=\"\" width=\"600\" height=\"600\" srcset=\"https:\/\/fadeweb.uncoma.edu.ar\/wp-content\/uploads\/2023\/05\/prinuar1-1024x1024.jpeg 1024w, https:\/\/fadeweb.uncoma.edu.ar\/wp-content\/uploads\/2023\/05\/prinuar1-300x300.jpeg 300w, https:\/\/fadeweb.uncoma.edu.ar\/wp-content\/uploads\/2023\/05\/prinuar1-150x150.jpeg 150w, https:\/\/fadeweb.uncoma.edu.ar\/wp-content\/uploads\/2023\/05\/prinuar1-768x768.jpeg 768w, https:\/\/fadeweb.uncoma.edu.ar\/wp-content\/uploads\/2023\/05\/prinuar1.jpeg 1080w\" sizes=\"(max-width: 600px) 100vw, 600px\" \/> <img decoding=\"async\" class=\"alignnone wp-image-15616\" src=\"https:\/\/fadeweb.uncoma.edu.ar\/wp-content\/uploads\/2023\/05\/prinuar2-1024x1024.jpeg\" alt=\"\" width=\"600\" height=\"600\" srcset=\"https:\/\/fadeweb.uncoma.edu.ar\/wp-content\/uploads\/2023\/05\/prinuar2-1024x1024.jpeg 1024w, https:\/\/fadeweb.uncoma.edu.ar\/wp-content\/uploads\/2023\/05\/prinuar2-300x300.jpeg 300w, https:\/\/fadeweb.uncoma.edu.ar\/wp-content\/uploads\/2023\/05\/prinuar2-150x150.jpeg 150w, https:\/\/fadeweb.uncoma.edu.ar\/wp-content\/uploads\/2023\/05\/prinuar2-768x768.jpeg 768w, https:\/\/fadeweb.uncoma.edu.ar\/wp-content\/uploads\/2023\/05\/prinuar2.jpeg 1080w\" sizes=\"(max-width: 600px) 100vw, 600px\" \/><\/p>\n<p>El Ministerio de Educaci\u00f3n de la Naci\u00f3n inform\u00f3 que \u00abdebido a la alta demanda de solicitudes de la \u00faltima semana\u00bb, se postergar\u00e1 el cierre anunciado inicialmente para la Convocatoria 2023 de PRINUAR de acuerdo al siguiente esquema:<br \/>\nFecha l\u00edmite para apertura de usuarios en sistema para Solicitud de Categorizaci\u00f3n (todos los CUIL):<\/p>\n<p>&#8211; 25 de junio de 2023.<\/p>\n<p>Cierre de solicitudes por terminaci\u00f3n de n\u00famero de CUIL:<br \/>\n&#8211; 0 y 1: 26 de junio<br \/>\n&#8211; 2 y 3: 27 de junio<br \/>\n&#8211; 4 y 5: 28 de junio<br \/>\n&#8211; 6 y 7: 29 de junio<br \/>\n&#8211; 8 y 9: 30 de junio<\/p>\n<p>Esta Convocatoria est\u00e1 \u00abdestinada a todos aquellos docentes investigadores que, por cualquier circunstancia, no hubieran sido categorizados a la fecha, as\u00ed como a aquellos que aspiren a ingresar al Programa o a promover la categor\u00eda vigente obtenida en procesos de categorizaci\u00f3n anteriores\u00bb.<\/p>\n","protected":false},"excerpt":{"rendered":"<p>El Ministerio de Educaci\u00f3n de la Naci\u00f3n inform\u00f3 que \u00abdebido a la alta demanda de solicitudes de la \u00faltima semana\u00bb, se postergar\u00e1 el cierre anunciado inicialmente para la Convocatoria 2023 de PRINUAR de acuerdo al siguiente esquema: Fecha l\u00edmite para apertura de usuarios en sistema para Solicitud de Categorizaci\u00f3n (todos los CUIL): &#8211; 25 de [&hellip;]<\/p>\n","protected":false},"author":4,"featured_media":15615,"comment_status":"closed","ping_status":"closed","sticky":false,"template":"","format":"standard","meta":{"footnotes":""},"categories":[5,76],"tags":[],"class_list":["post-15614","post","type-post","status-publish","format-standard","has-post-thumbnail","hentry","category-notifadecs","category-novedades-investigacion"],"_links":{"self":[{"href":"https:\/\/fadeweb.uncoma.edu.ar\/index.php\/wp-json\/wp\/v2\/posts\/15614","targetHints":{"allow":["GET"]}}],"collection":[{"href":"https:\/\/fadeweb.uncoma.edu.ar\/index.php\/wp-json\/wp\/v2\/posts"}],"about":[{"href":"https:\/\/fadeweb.uncoma.edu.ar\/index.php\/wp-json\/wp\/v2\/types\/post"}],"author":[{"embeddable":true,"href":"https:\/\/fadeweb.uncoma.edu.ar\/index.php\/wp-json\/wp\/v2\/users\/4"}],"replies":[{"embeddable":true,"href":"https:\/\/fadeweb.uncoma.edu.ar\/index.php\/wp-json\/wp\/v2\/comments?post=15614"}],"version-history":[{"count":1,"href":"https:\/\/fadeweb.uncoma.edu.ar\/index.php\/wp-json\/wp\/v2\/posts\/15614\/revisions"}],"predecessor-version":[{"id":15617,"href":"https:\/\/fadeweb.uncoma.edu.ar\/index.php\/wp-json\/wp\/v2\/posts\/15614\/revisions\/15617"}],"wp:featuredmedia":[{"embeddable":true,"href":"https:\/\/fadeweb.uncoma.edu.ar\/index.php\/wp-json\/wp\/v2\/media\/15615"}],"wp:attachment":[{"href":"https:\/\/fadeweb.uncoma.edu.ar\/index.php\/wp-json\/wp\/v2\/media?parent=15614"}],"wp:term":[{"taxonomy":"category","embeddable":true,"href":"https:\/\/fadeweb.uncoma.edu.ar\/index.php\/wp-json\/wp\/v2\/categories?post=15614"},{"taxonomy":"post_tag","embeddable":true,"href":"https:\/\/fadeweb.uncoma.edu.ar\/index.php\/wp-json\/wp\/v2\/tags?post=15614"}],"curies":[{"name":"wp","href":"https:\/\/api.w.org\/{rel}","templated":true}]}}