{"id":15604,"date":"2023-05-29T12:02:36","date_gmt":"2023-05-29T15:02:36","guid":{"rendered":"https:\/\/fadeweb.uncoma.edu.ar\/?p=15604"},"modified":"2023-05-29T12:02:36","modified_gmt":"2023-05-29T15:02:36","slug":"carlos-matias-lopez-resulto-becado-por-la-universidad-de-belgrano-para-realizar-practicas-periodisticas-en-la-ciudad-autonoma-de-buenos-aires","status":"publish","type":"post","link":"https:\/\/fadeweb.uncoma.edu.ar\/index.php\/2023\/05\/29\/carlos-matias-lopez-resulto-becado-por-la-universidad-de-belgrano-para-realizar-practicas-periodisticas-en-la-ciudad-autonoma-de-buenos-aires\/","title":{"rendered":"CARLOS MAT\u00cdAS L\u00d3PEZ RESULTO BECADO POR LA UNIVERSIDAD DE BELGRANO PARA REALIZAR PR\u00c1CTICAS PERIOD\u00cdSTICAS EN LA CIUDAD AUT\u00d3NOMA DE BUENOS AIRES"},"content":{"rendered":"<p><img fetchpriority=\"high\" decoding=\"async\" class=\"alignnone wp-image-15605 alignleft\" src=\"https:\/\/fadeweb.uncoma.edu.ar\/wp-content\/uploads\/2023\/05\/firma-tn2-1024x729.jpg\" alt=\"\" width=\"600\" height=\"427\" srcset=\"https:\/\/fadeweb.uncoma.edu.ar\/wp-content\/uploads\/2023\/05\/firma-tn2-1024x729.jpg 1024w, https:\/\/fadeweb.uncoma.edu.ar\/wp-content\/uploads\/2023\/05\/firma-tn2-300x214.jpg 300w, https:\/\/fadeweb.uncoma.edu.ar\/wp-content\/uploads\/2023\/05\/firma-tn2-768x547.jpg 768w, https:\/\/fadeweb.uncoma.edu.ar\/wp-content\/uploads\/2023\/05\/firma-tn2.jpg 1517w\" sizes=\"(max-width: 600px) 100vw, 600px\" \/><\/p>\n<p style=\"text-align: left;\">El decano Juan Carlos Fern\u00e1ndez y la vicedecana Mery Catrileo Salazar, de la FADECS, recibieron el martes 23 de mayo a Nicol\u00e1s Casas, responsable de la Unidad de Extensi\u00f3n y Vinculaci\u00f3n de la Universidad de Belgrano, y a Carlos Mat\u00edas L\u00f3pez, estudiante de la carrera de Profesorado en Comunicaci\u00f3n Social de la FADECS, que result\u00f3 adjudicatario de una beca ofrecida por la empresa Artear SA y la Universidad de Belgrano, que brindar\u00e1 la oportunidad al estudiante para realizar pr\u00e1cticas en los estudios de TN.<\/p>\n<p style=\"text-align: left;\">El otorgamiento de este beneficio a un estudiante de nuestra unidad acad\u00e9mica se enmarca en la pretensi\u00f3n de generar un v\u00ednculo continuado con la Universidad de Belgrano, entidad que por su parte tiene inter\u00e9s en generar articulaci\u00f3n con las distintas universidades del Norte de la Patagonia. \u00abLa idea es que el programa conjunto con TN sea el puntapi\u00e9 para realizar m\u00e1s proyectos, en un cambio de visi\u00f3n orientada a mostrarse y ofrecer puertas abiertas para concretar distintas acciones de tipo acad\u00e9mico y formativo\u00bb, dijo Casas.<\/p>\n<p style=\"text-align: left;\">El decano Fern\u00e1ndez expres\u00f3 su agradecimiento por la definici\u00f3n del participante Carlos L\u00f3pez, cuya selecci\u00f3n permiti\u00f3 facilitar el v\u00ednculo con la Universidad de Belgrano, raz\u00f3n por la cual, a partir de este primer proyecto es posible plantear tambi\u00e9n otras formas de vinculaci\u00f3n. En este sentido, consider\u00f3 \u00abmuy relevante que un referente de la Universidad de Belgrano haya elegido venir a nuestra unidad acad\u00e9mica, y sorprendente la pol\u00edtica de federalizaci\u00f3n. Es de esperar que, a partir de esta actividad, podamos profundizar nuestros v\u00ednculos en las diversas disciplinas en forma sistem\u00e1tica hacia el futuro\u00bb.<\/p>\n<p style=\"text-align: left;\">Nuestra instituci\u00f3n desea a Carlos Mat\u00edas L\u00f3pez el mayor \u00e9xito en este trayecto formativo, augurando que los aportes que reciba en esta instancia, adem\u00e1s de favorecer su evoluci\u00f3n acad\u00e9mica y profesional, revierta luego en nuevas posibilidades para otras y otros integrantes de esta Facultad.<\/p>\n","protected":false},"excerpt":{"rendered":"<p>El decano Juan Carlos Fern\u00e1ndez y la vicedecana Mery Catrileo Salazar, de la FADECS, recibieron el martes 23 de mayo a Nicol\u00e1s Casas, responsable de la Unidad de Extensi\u00f3n y Vinculaci\u00f3n de la Universidad de Belgrano, y a Carlos Mat\u00edas L\u00f3pez, estudiante de la carrera de Profesorado en Comunicaci\u00f3n Social de la FADECS, que result\u00f3 [&hellip;]<\/p>\n","protected":false},"author":4,"featured_media":15605,"comment_status":"closed","ping_status":"closed","sticky":false,"template":"","format":"standard","meta":{"footnotes":""},"categories":[5],"tags":[],"class_list":["post-15604","post","type-post","status-publish","format-standard","has-post-thumbnail","hentry","category-notifadecs"],"_links":{"self":[{"href":"https:\/\/fadeweb.uncoma.edu.ar\/index.php\/wp-json\/wp\/v2\/posts\/15604","targetHints":{"allow":["GET"]}}],"collection":[{"href":"https:\/\/fadeweb.uncoma.edu.ar\/index.php\/wp-json\/wp\/v2\/posts"}],"about":[{"href":"https:\/\/fadeweb.uncoma.edu.ar\/index.php\/wp-json\/wp\/v2\/types\/post"}],"author":[{"embeddable":true,"href":"https:\/\/fadeweb.uncoma.edu.ar\/index.php\/wp-json\/wp\/v2\/users\/4"}],"replies":[{"embeddable":true,"href":"https:\/\/fadeweb.uncoma.edu.ar\/index.php\/wp-json\/wp\/v2\/comments?post=15604"}],"version-history":[{"count":1,"href":"https:\/\/fadeweb.uncoma.edu.ar\/index.php\/wp-json\/wp\/v2\/posts\/15604\/revisions"}],"predecessor-version":[{"id":15606,"href":"https:\/\/fadeweb.uncoma.edu.ar\/index.php\/wp-json\/wp\/v2\/posts\/15604\/revisions\/15606"}],"wp:featuredmedia":[{"embeddable":true,"href":"https:\/\/fadeweb.uncoma.edu.ar\/index.php\/wp-json\/wp\/v2\/media\/15605"}],"wp:attachment":[{"href":"https:\/\/fadeweb.uncoma.edu.ar\/index.php\/wp-json\/wp\/v2\/media?parent=15604"}],"wp:term":[{"taxonomy":"category","embeddable":true,"href":"https:\/\/fadeweb.uncoma.edu.ar\/index.php\/wp-json\/wp\/v2\/categories?post=15604"},{"taxonomy":"post_tag","embeddable":true,"href":"https:\/\/fadeweb.uncoma.edu.ar\/index.php\/wp-json\/wp\/v2\/tags?post=15604"}],"curies":[{"name":"wp","href":"https:\/\/api.w.org\/{rel}","templated":true}]}}