{"id":15459,"date":"2023-05-16T10:17:30","date_gmt":"2023-05-16T13:17:30","guid":{"rendered":"https:\/\/fadeweb.uncoma.edu.ar\/?p=15459"},"modified":"2023-05-16T10:17:30","modified_gmt":"2023-05-16T13:17:30","slug":"se-inauguro-la-tercera-cohorte-del-curso-de-lengua-de-senas-en-la-fadecs-unco","status":"publish","type":"post","link":"https:\/\/fadeweb.uncoma.edu.ar\/index.php\/2023\/05\/16\/se-inauguro-la-tercera-cohorte-del-curso-de-lengua-de-senas-en-la-fadecs-unco\/","title":{"rendered":"SE INAUGUR\u00d3 LA TERCERA COHORTE DEL CURSO DE LENGUA DE SE\u00d1AS EN LA FADECS-UNCO"},"content":{"rendered":"<p><img fetchpriority=\"high\" decoding=\"async\" class=\"alignnone wp-image-15460 alignleft\" src=\"https:\/\/fadeweb.uncoma.edu.ar\/wp-content\/uploads\/2023\/05\/taller-senas-1024x1024.jpg\" alt=\"\" width=\"600\" height=\"600\" srcset=\"https:\/\/fadeweb.uncoma.edu.ar\/wp-content\/uploads\/2023\/05\/taller-senas-1024x1024.jpg 1024w, https:\/\/fadeweb.uncoma.edu.ar\/wp-content\/uploads\/2023\/05\/taller-senas-300x300.jpg 300w, https:\/\/fadeweb.uncoma.edu.ar\/wp-content\/uploads\/2023\/05\/taller-senas-150x150.jpg 150w, https:\/\/fadeweb.uncoma.edu.ar\/wp-content\/uploads\/2023\/05\/taller-senas-768x768.jpg 768w, https:\/\/fadeweb.uncoma.edu.ar\/wp-content\/uploads\/2023\/05\/taller-senas.jpg 1080w\" sizes=\"(max-width: 600px) 100vw, 600px\" \/>En la Facultad de Derecho y Ciencias Sociales de la Universidad Nacional del Comahue (FADECS-UNCo), la Secretar\u00eda de Extensi\u00f3n y Asuntos Estudiantiles, Abog. Sof\u00eda Szechenyi dio inicio y dej\u00f3 inaugurada la tercera cohorte del Curso de Lengua de Se\u00f1as Argentina.<\/p>\n<p>El aula 4 fue el escenario de este evento, que cont\u00f3 con la participaci\u00f3n de 37 estudiantes, entre ellos dos trabajadores nodocentes de FADECS.<\/p>\n<p>El docente encargado de ense\u00f1ar la lengua de se\u00f1as es Norberto Ibarra, y Carolina L\u00f3pez ejerce como coordinadora del curso, brindando su experiencia en inclusi\u00f3n y comunicaci\u00f3n. Adem\u00e1s, como docentes asistentes en los cursos que se est\u00e1n dictando est\u00e1n Carina Lincoleo, Natalia P\u00e9rez y Evelina Correa.<\/p>\n<p>El objetivo principal del curso es fomentar la inclusi\u00f3n y facilitar la comunicaci\u00f3n con las personas sordas en la comunidad.<\/p>\n<p>Durante doce clases, los participantes adquirir\u00e1n conocimientos b\u00e1sicos y avanzados en la lengua de se\u00f1as, adem\u00e1s de familiarizarse con la cultura sorda.<\/p>\n","protected":false},"excerpt":{"rendered":"<p>En la Facultad de Derecho y Ciencias Sociales de la Universidad Nacional del Comahue (FADECS-UNCo), la Secretar\u00eda de Extensi\u00f3n y Asuntos Estudiantiles, Abog. Sof\u00eda Szechenyi dio inicio y dej\u00f3 inaugurada la tercera cohorte del Curso de Lengua de Se\u00f1as Argentina. El aula 4 fue el escenario de este evento, que cont\u00f3 con la participaci\u00f3n de [&hellip;]<\/p>\n","protected":false},"author":4,"featured_media":15460,"comment_status":"closed","ping_status":"closed","sticky":false,"template":"","format":"standard","meta":{"footnotes":""},"categories":[79,82,5],"tags":[],"class_list":["post-15459","post","type-post","status-publish","format-standard","has-post-thumbnail","hentry","category-extension","category-lengua-de-senas-argentina","category-notifadecs"],"_links":{"self":[{"href":"https:\/\/fadeweb.uncoma.edu.ar\/index.php\/wp-json\/wp\/v2\/posts\/15459","targetHints":{"allow":["GET"]}}],"collection":[{"href":"https:\/\/fadeweb.uncoma.edu.ar\/index.php\/wp-json\/wp\/v2\/posts"}],"about":[{"href":"https:\/\/fadeweb.uncoma.edu.ar\/index.php\/wp-json\/wp\/v2\/types\/post"}],"author":[{"embeddable":true,"href":"https:\/\/fadeweb.uncoma.edu.ar\/index.php\/wp-json\/wp\/v2\/users\/4"}],"replies":[{"embeddable":true,"href":"https:\/\/fadeweb.uncoma.edu.ar\/index.php\/wp-json\/wp\/v2\/comments?post=15459"}],"version-history":[{"count":1,"href":"https:\/\/fadeweb.uncoma.edu.ar\/index.php\/wp-json\/wp\/v2\/posts\/15459\/revisions"}],"predecessor-version":[{"id":15461,"href":"https:\/\/fadeweb.uncoma.edu.ar\/index.php\/wp-json\/wp\/v2\/posts\/15459\/revisions\/15461"}],"wp:featuredmedia":[{"embeddable":true,"href":"https:\/\/fadeweb.uncoma.edu.ar\/index.php\/wp-json\/wp\/v2\/media\/15460"}],"wp:attachment":[{"href":"https:\/\/fadeweb.uncoma.edu.ar\/index.php\/wp-json\/wp\/v2\/media?parent=15459"}],"wp:term":[{"taxonomy":"category","embeddable":true,"href":"https:\/\/fadeweb.uncoma.edu.ar\/index.php\/wp-json\/wp\/v2\/categories?post=15459"},{"taxonomy":"post_tag","embeddable":true,"href":"https:\/\/fadeweb.uncoma.edu.ar\/index.php\/wp-json\/wp\/v2\/tags?post=15459"}],"curies":[{"name":"wp","href":"https:\/\/api.w.org\/{rel}","templated":true}]}}