{"id":15331,"date":"2023-05-08T08:43:18","date_gmt":"2023-05-08T11:43:18","guid":{"rendered":"https:\/\/fadeweb.uncoma.edu.ar\/?p=15331"},"modified":"2023-05-08T08:43:18","modified_gmt":"2023-05-08T11:43:18","slug":"se-realizo-la-charla-inaugural-de-posgrados-en-comunicacion-en-la-fadecs","status":"publish","type":"post","link":"https:\/\/fadeweb.uncoma.edu.ar\/index.php\/2023\/05\/08\/se-realizo-la-charla-inaugural-de-posgrados-en-comunicacion-en-la-fadecs\/","title":{"rendered":"SE REALIZ\u00d3 LA CHARLA INAUGURAL DE POSGRADOS EN COMUNICACI\u00d3N EN LA FADECS"},"content":{"rendered":"<p><img fetchpriority=\"high\" decoding=\"async\" class=\"alignnone wp-image-15332 alignleft\" src=\"https:\/\/fadeweb.uncoma.edu.ar\/wp-content\/uploads\/2023\/05\/mastrini.jpg\" alt=\"\" width=\"600\" height=\"600\" srcset=\"https:\/\/fadeweb.uncoma.edu.ar\/wp-content\/uploads\/2023\/05\/mastrini.jpg 849w, https:\/\/fadeweb.uncoma.edu.ar\/wp-content\/uploads\/2023\/05\/mastrini-300x300.jpg 300w, https:\/\/fadeweb.uncoma.edu.ar\/wp-content\/uploads\/2023\/05\/mastrini-150x150.jpg 150w, https:\/\/fadeweb.uncoma.edu.ar\/wp-content\/uploads\/2023\/05\/mastrini-768x768.jpg 768w\" sizes=\"(max-width: 600px) 100vw, 600px\" \/><\/p>\n<div class=\"x11i5rnm xat24cr x1mh8g0r x1vvkbs xtlvy1s x126k92a\" style=\"text-align: left;\">\n<div dir=\"auto\">El Departamento de Posgrado de la Facultad de Derecho y Ciencias Sociales de la Universidad Nacional del Comahue informa que el pasado 28 de abril de 2023 se realiz\u00f3 la Charla Inaugural para los posgrados en Comunicaci\u00f3n, denominada\u00a0<strong>\u201cTemas y problemas de investigaci\u00f3n en el campo de la Comunicaci\u00f3n y la Cultura: la formaci\u00f3n en Posgrado\u201d.<\/strong><\/div>\n<div dir=\"auto\"><\/div>\n<\/div>\n<div dir=\"auto\" style=\"text-align: left;\">\n<div dir=\"auto\">La charla se realiz\u00f3 en el marco de los llamados a inscripciones para las carreras de posgrado:<\/div>\n<ul>\n<li dir=\"auto\">Especializaci\u00f3n en Comunicaci\u00f3n y Culturas Contempor\u00e1neas<a href=\"https:\/\/posgradofadecs.uncoma.edu.ar\/novedades\/inscripciones-esp-cycc\/\">\u00a0(Click aqu\u00ed para m\u00e1s informaci\u00f3n sobre inscripci\u00f3n)<\/a><\/li>\n<li dir=\"auto\">la Maestr\u00eda en Comunicaci\u00f3n y Cultura<a href=\"https:\/\/posgradofadecs.uncoma.edu.ar\/novedades\/inscripciones-maestria-cyc\/\">\u00a0(Click aqu\u00ed para m\u00e1s informaci\u00f3n sobre inscripci\u00f3n)<\/a><\/li>\n<\/ul>\n<\/div>\n<div dir=\"auto\" style=\"text-align: left;\">La charla estuvo a cargo de dos destacados acad\u00e9micos: el Dr Guillermo Mastrini y la Dra Paula Porta, con la participaci\u00f3n de 30 personas. A su cierre, las autoridades de las carreras respondieron consultas sobre el proceso de inscripci\u00f3n a las mismas.<\/div>\n<div dir=\"auto\" style=\"text-align: left;\">Se destaca que<strong>\u00a0las inscripciones para ambas carreras se encuentran abiertas hasta el 18 de mayo de 2023.\u00a0<\/strong><\/div>\n<div dir=\"auto\">\n<hr \/>\n<p style=\"text-align: left;\"><a href=\"https:\/\/docs.google.com\/document\/d\/1PiVq3-qR9XDzx880YqxAA5crbyttzZUwd2U2vnR3deg\/edit?usp=sharing\">PREGUNTAS FRECUENTES<\/a><\/p>\n<hr \/>\n<p style=\"text-align: left;\"><b>Consultas sobre inscripciones:<\/b><\/p>\n<p style=\"text-align: left;\">\u00c1rea acad\u00e9mica de posgrado<\/p>\n<p style=\"text-align: left;\">WhatsApp:<a href=\"https:\/\/api.whatsapp.com\/send?phone=5492984668243&amp;text=Hola\">\u00a0+5492984668243<\/a><\/p>\n<p style=\"text-align: left;\">E.mail: academica.posgrado@fade.uncoma.edu.ar<\/p>\n<\/div>\n","protected":false},"excerpt":{"rendered":"<p>El Departamento de Posgrado de la Facultad de Derecho y Ciencias Sociales de la Universidad Nacional del Comahue informa que el pasado 28 de abril de 2023 se realiz\u00f3 la Charla Inaugural para los posgrados en Comunicaci\u00f3n, denominada\u00a0\u201cTemas y problemas de investigaci\u00f3n en el campo de la Comunicaci\u00f3n y la Cultura: la formaci\u00f3n en Posgrado\u201d. [&hellip;]<\/p>\n","protected":false},"author":4,"featured_media":15332,"comment_status":"closed","ping_status":"closed","sticky":false,"template":"","format":"standard","meta":{"footnotes":""},"categories":[5,78],"tags":[],"class_list":["post-15331","post","type-post","status-publish","format-standard","has-post-thumbnail","hentry","category-notifadecs","category-posgrado"],"_links":{"self":[{"href":"https:\/\/fadeweb.uncoma.edu.ar\/index.php\/wp-json\/wp\/v2\/posts\/15331","targetHints":{"allow":["GET"]}}],"collection":[{"href":"https:\/\/fadeweb.uncoma.edu.ar\/index.php\/wp-json\/wp\/v2\/posts"}],"about":[{"href":"https:\/\/fadeweb.uncoma.edu.ar\/index.php\/wp-json\/wp\/v2\/types\/post"}],"author":[{"embeddable":true,"href":"https:\/\/fadeweb.uncoma.edu.ar\/index.php\/wp-json\/wp\/v2\/users\/4"}],"replies":[{"embeddable":true,"href":"https:\/\/fadeweb.uncoma.edu.ar\/index.php\/wp-json\/wp\/v2\/comments?post=15331"}],"version-history":[{"count":1,"href":"https:\/\/fadeweb.uncoma.edu.ar\/index.php\/wp-json\/wp\/v2\/posts\/15331\/revisions"}],"predecessor-version":[{"id":15333,"href":"https:\/\/fadeweb.uncoma.edu.ar\/index.php\/wp-json\/wp\/v2\/posts\/15331\/revisions\/15333"}],"wp:featuredmedia":[{"embeddable":true,"href":"https:\/\/fadeweb.uncoma.edu.ar\/index.php\/wp-json\/wp\/v2\/media\/15332"}],"wp:attachment":[{"href":"https:\/\/fadeweb.uncoma.edu.ar\/index.php\/wp-json\/wp\/v2\/media?parent=15331"}],"wp:term":[{"taxonomy":"category","embeddable":true,"href":"https:\/\/fadeweb.uncoma.edu.ar\/index.php\/wp-json\/wp\/v2\/categories?post=15331"},{"taxonomy":"post_tag","embeddable":true,"href":"https:\/\/fadeweb.uncoma.edu.ar\/index.php\/wp-json\/wp\/v2\/tags?post=15331"}],"curies":[{"name":"wp","href":"https:\/\/api.w.org\/{rel}","templated":true}]}}