{"id":15328,"date":"2023-05-08T08:41:07","date_gmt":"2023-05-08T11:41:07","guid":{"rendered":"https:\/\/fadeweb.uncoma.edu.ar\/?p=15328"},"modified":"2023-05-08T08:41:07","modified_gmt":"2023-05-08T11:41:07","slug":"curso-de-posgrado-fundamentos-teoricos-y-etico-politicos-de-la-intervencion-profesional-del-trabajo-social","status":"publish","type":"post","link":"https:\/\/fadeweb.uncoma.edu.ar\/index.php\/2023\/05\/08\/curso-de-posgrado-fundamentos-teoricos-y-etico-politicos-de-la-intervencion-profesional-del-trabajo-social\/","title":{"rendered":"CURSO DE POSGRADO: \u201cFUNDAMENTOS TE\u00d3RICOS Y \u00c9TICO-POL\u00cdTICOS DE LA INTERVENCI\u00d3N PROFESIONAL DEL TRABAJO SOCIAL\u201d"},"content":{"rendered":"<p style=\"text-align: left;\" align=\"center\"><b><img fetchpriority=\"high\" decoding=\"async\" class=\"alignnone wp-image-15329\" src=\"https:\/\/fadeweb.uncoma.edu.ar\/wp-content\/uploads\/2023\/05\/fundamentos-teoricos-y-etico-politicos-de-la-intervencion-profesional-del-1024x1024.jpg\" alt=\"\" width=\"600\" height=\"599\" srcset=\"https:\/\/fadeweb.uncoma.edu.ar\/wp-content\/uploads\/2023\/05\/fundamentos-teoricos-y-etico-politicos-de-la-intervencion-profesional-del-1024x1024.jpg 1024w, https:\/\/fadeweb.uncoma.edu.ar\/wp-content\/uploads\/2023\/05\/fundamentos-teoricos-y-etico-politicos-de-la-intervencion-profesional-del-300x300.jpg 300w, https:\/\/fadeweb.uncoma.edu.ar\/wp-content\/uploads\/2023\/05\/fundamentos-teoricos-y-etico-politicos-de-la-intervencion-profesional-del-150x150.jpg 150w, https:\/\/fadeweb.uncoma.edu.ar\/wp-content\/uploads\/2023\/05\/fundamentos-teoricos-y-etico-politicos-de-la-intervencion-profesional-del-768x767.jpg 768w, https:\/\/fadeweb.uncoma.edu.ar\/wp-content\/uploads\/2023\/05\/fundamentos-teoricos-y-etico-politicos-de-la-intervencion-profesional-del.jpg 1080w\" sizes=\"(max-width: 600px) 100vw, 600px\" \/>Llamado a inscripciones \u2013 Curso de posgrado\u00a0<\/b><\/p>\n<p style=\"text-align: left;\" align=\"center\">\u201c<b>Fundamentos te\u00f3ricos y \u00e9tico-pol\u00edticos de la Intervenci\u00f3n Profesional del Trabajo Social\u201d (40 hs.)<\/b><\/p>\n<p style=\"text-align: left;\" align=\"justify\">El Departamento de Posgrado de la Facultad de Derecho y Ciencias Sociales \u2013 Universidad Nacional del Comahue informa que hasta el\u00a001 de junio de 2023\u00a0se encontrar\u00e1 abierto el llamado a inscripciones para el Curso de posgrado:\u00a0<b>\u201cFundamentos te\u00f3ricos y \u00e9tico pol\u00edticos de la Intervenci\u00f3n Profesional del Trabajo Social\u201d<\/b>, organizada por la Delegaci\u00f3n Alto Valle Este del Colegio de Profesionales del Trabajo Social de R\u00edo Negro.<\/p>\n<p style=\"text-align: left;\" align=\"justify\">Este curso ser\u00e1 realizado de manera gratuita y su objetivo es problematizar las dimensiones te\u00f3rica y \u00e9tico-pol\u00edtica de la intervenci\u00f3n profesional, del Trabajo Social, en la sociedad contempor\u00e1nea.<\/p>\n<p style=\"text-align: left;\" align=\"justify\"><b>Destinatarios<\/b>: Licenciados en Trabajo Social y Trabajadores Sociales, con prioridad para aquellos que ejerzan su profesi\u00f3n en la provincia de R\u00edo Negro; y graduados\/as de carreras afines (con duraci\u00f3n no menor a 4 a\u00f1os de duraci\u00f3n).<\/p>\n<p style=\"text-align: left;\" align=\"justify\">Las clases se encuentran a cargo del<strong>\u00a0Dr. Manuel Waldemar Mallardi<\/strong>\u00a0y\u00a0<strong>Mg. Mar\u00eda Carolina Mamblona.<\/strong><\/p>\n<p style=\"text-align: left;\" align=\"justify\"><strong>Manuel Mallardi<\/strong>\u00a0es Licenciado en Trabajo Social (UNICEN), Mag\u00edster en Trabajo Social (UNLP) Doctor en Ciencias Sociales (UBA) y Posdoctorado en Ciencias Humanas y Sociales (UBA). Actualmente se encuentra realizando el Programa de P\u00f3s-Doutorado Servi\u00e7o Social en la Escola de Servi\u00e7o Social da Universidade Federal do Rio de Janeiro.<\/p>\n<p style=\"text-align: left;\" align=\"justify\"><strong>Mar\u00eda Carolina Mamblona<\/strong>\u00a0es Licenciada en Trabajo Social (UNLP) y Mag\u00edster en Trabajo Social (UNLP en Convenio con la PUC de Brasil) Doctor en Ciencias Sociales (UBA). Cuenta con un Diploma Superior y Programa de Actualizaci\u00f3n en Docencia Universitaria (FEDUBA\/CONADU-FSOC-CLACSO). Actualmente se encuentra realizando el Doctorado en Trabajo Social (UNLP).<\/p>\n<p style=\"text-align: left;\" align=\"justify\"><b>Modalidad de dictado:<\/b>\u00a0presencial con actividades complementarias virtuales en la plataforma PEDCO. Encuentros presenciales: 8, 9 y 10 de junio. Horario: 9 a 17 hs.<\/p>\n<hr \/>\n<p style=\"text-align: left;\" align=\"justify\"><b>Modalidad de inscripci\u00f3n:<\/b><\/p>\n<ol style=\"text-align: left;\">\n<li>\n<ol>\n<li><a href=\"https:\/\/forms.gle\/iuMKk2wyBtZDawUh6\">\u00a0Click aqu\u00ed para completar el formulario de inscripci\u00f3n<\/a><\/li>\n<li>Enviar a<b>\u00a0<\/b><a href=\"mailto:academica.posgrado@fade.uncoma.edu.ar\"><b>academica.posgrado@fade.uncoma.edu.ar<\/b><\/a>\u00a0una copia en formato PDF de DNI y de diploma de\u00a0 grado universitario.<\/li>\n<\/ol>\n<\/li>\n<\/ol>\n<hr \/>\n<p style=\"text-align: left;\" align=\"justify\"><b>Consultas:<\/b><\/p>\n<p style=\"text-align: left;\" align=\"justify\">Departamento de Posgrado de la FADECS<\/p>\n<p style=\"text-align: left;\" align=\"justify\"><a href=\"mailto:posgrado@fade.uncoma.edu.ar\">posgrado@fade.uncoma.edu.ar<\/a><\/p>\n<p style=\"text-align: left;\" align=\"justify\">WhatsApp:\u00a0<a href=\"https:\/\/api.whatsapp.com\/send\/?phone=5492996723981&amp;text=Buenos+dias.+&amp;type=phone_number&amp;app_absent=0\"><u>+5492996723981<\/u><\/a><\/p>\n<p style=\"text-align: left;\" align=\"justify\"><a href=\"https:\/\/posgradofadecs.uncoma.edu.ar\/\"><u>https:\/\/posgradofadecs.uncoma.edu.ar\/<\/u><\/a><\/p>\n","protected":false},"excerpt":{"rendered":"<p>Llamado a inscripciones \u2013 Curso de posgrado\u00a0 \u201cFundamentos te\u00f3ricos y \u00e9tico-pol\u00edticos de la Intervenci\u00f3n Profesional del Trabajo Social\u201d (40 hs.) El Departamento de Posgrado de la Facultad de Derecho y Ciencias Sociales \u2013 Universidad Nacional del Comahue informa que hasta el\u00a001 de junio de 2023\u00a0se encontrar\u00e1 abierto el llamado a inscripciones para el Curso de [&hellip;]<\/p>\n","protected":false},"author":4,"featured_media":15329,"comment_status":"closed","ping_status":"closed","sticky":false,"template":"","format":"standard","meta":{"footnotes":""},"categories":[5,78],"tags":[],"class_list":["post-15328","post","type-post","status-publish","format-standard","has-post-thumbnail","hentry","category-notifadecs","category-posgrado"],"_links":{"self":[{"href":"https:\/\/fadeweb.uncoma.edu.ar\/index.php\/wp-json\/wp\/v2\/posts\/15328","targetHints":{"allow":["GET"]}}],"collection":[{"href":"https:\/\/fadeweb.uncoma.edu.ar\/index.php\/wp-json\/wp\/v2\/posts"}],"about":[{"href":"https:\/\/fadeweb.uncoma.edu.ar\/index.php\/wp-json\/wp\/v2\/types\/post"}],"author":[{"embeddable":true,"href":"https:\/\/fadeweb.uncoma.edu.ar\/index.php\/wp-json\/wp\/v2\/users\/4"}],"replies":[{"embeddable":true,"href":"https:\/\/fadeweb.uncoma.edu.ar\/index.php\/wp-json\/wp\/v2\/comments?post=15328"}],"version-history":[{"count":1,"href":"https:\/\/fadeweb.uncoma.edu.ar\/index.php\/wp-json\/wp\/v2\/posts\/15328\/revisions"}],"predecessor-version":[{"id":15330,"href":"https:\/\/fadeweb.uncoma.edu.ar\/index.php\/wp-json\/wp\/v2\/posts\/15328\/revisions\/15330"}],"wp:featuredmedia":[{"embeddable":true,"href":"https:\/\/fadeweb.uncoma.edu.ar\/index.php\/wp-json\/wp\/v2\/media\/15329"}],"wp:attachment":[{"href":"https:\/\/fadeweb.uncoma.edu.ar\/index.php\/wp-json\/wp\/v2\/media?parent=15328"}],"wp:term":[{"taxonomy":"category","embeddable":true,"href":"https:\/\/fadeweb.uncoma.edu.ar\/index.php\/wp-json\/wp\/v2\/categories?post=15328"},{"taxonomy":"post_tag","embeddable":true,"href":"https:\/\/fadeweb.uncoma.edu.ar\/index.php\/wp-json\/wp\/v2\/tags?post=15328"}],"curies":[{"name":"wp","href":"https:\/\/api.w.org\/{rel}","templated":true}]}}