{"id":15264,"date":"2023-04-28T10:46:09","date_gmt":"2023-04-28T13:46:09","guid":{"rendered":"https:\/\/fadeweb.uncoma.edu.ar\/?p=15264"},"modified":"2023-04-28T10:46:09","modified_gmt":"2023-04-28T13:46:09","slug":"continuan-las-charlas-del-inta-sobre-huerta-agroecologica","status":"publish","type":"post","link":"https:\/\/fadeweb.uncoma.edu.ar\/index.php\/2023\/04\/28\/continuan-las-charlas-del-inta-sobre-huerta-agroecologica\/","title":{"rendered":"CONTIN\u00daAN LAS CHARLAS DEL INTA SOBRE HUERTA AGROECOL\u00d3GICA"},"content":{"rendered":"<p><img fetchpriority=\"high\" decoding=\"async\" class=\"alignnone wp-image-15265\" src=\"https:\/\/fadeweb.uncoma.edu.ar\/wp-content\/uploads\/2023\/04\/huerta-charla-1024x771.jpg\" alt=\"\" width=\"600\" height=\"452\" srcset=\"https:\/\/fadeweb.uncoma.edu.ar\/wp-content\/uploads\/2023\/04\/huerta-charla-1024x771.jpg 1024w, https:\/\/fadeweb.uncoma.edu.ar\/wp-content\/uploads\/2023\/04\/huerta-charla-300x226.jpg 300w, https:\/\/fadeweb.uncoma.edu.ar\/wp-content\/uploads\/2023\/04\/huerta-charla-768x578.jpg 768w, https:\/\/fadeweb.uncoma.edu.ar\/wp-content\/uploads\/2023\/04\/huerta-charla.jpg 1435w\" sizes=\"(max-width: 600px) 100vw, 600px\" \/><\/p>\n<p>Se realiz\u00f3 la charla sobre Huerta Agroecol\u00f3gica, temporada oto\u00f1o-invierno, el jueves 27 de abril en nuestra casa de estudios, con la exposici\u00f3n del ingeniero agr\u00f3nomo Pablo Antonio V\u00e1squez (Agencia INTA General Roca). En esta oportunidad el tema abordado fue mejora de suelos y bocashi, abono org\u00e1nico de tiempos m\u00e1s cortos. La charla abierta a todo p\u00fablico cont\u00f3 con la presencia de una veintena de productores y huerteros de la zona.<\/p>\n","protected":false},"excerpt":{"rendered":"<p>Se realiz\u00f3 la charla sobre Huerta Agroecol\u00f3gica, temporada oto\u00f1o-invierno, el jueves 27 de abril en nuestra casa de estudios, con la exposici\u00f3n del ingeniero agr\u00f3nomo Pablo Antonio V\u00e1squez (Agencia INTA General Roca). En esta oportunidad el tema abordado fue mejora de suelos y bocashi, abono org\u00e1nico de tiempos m\u00e1s cortos. La charla abierta a todo [&hellip;]<\/p>\n","protected":false},"author":4,"featured_media":15265,"comment_status":"closed","ping_status":"closed","sticky":false,"template":"","format":"standard","meta":{"footnotes":""},"categories":[5],"tags":[],"class_list":["post-15264","post","type-post","status-publish","format-standard","has-post-thumbnail","hentry","category-notifadecs"],"_links":{"self":[{"href":"https:\/\/fadeweb.uncoma.edu.ar\/index.php\/wp-json\/wp\/v2\/posts\/15264","targetHints":{"allow":["GET"]}}],"collection":[{"href":"https:\/\/fadeweb.uncoma.edu.ar\/index.php\/wp-json\/wp\/v2\/posts"}],"about":[{"href":"https:\/\/fadeweb.uncoma.edu.ar\/index.php\/wp-json\/wp\/v2\/types\/post"}],"author":[{"embeddable":true,"href":"https:\/\/fadeweb.uncoma.edu.ar\/index.php\/wp-json\/wp\/v2\/users\/4"}],"replies":[{"embeddable":true,"href":"https:\/\/fadeweb.uncoma.edu.ar\/index.php\/wp-json\/wp\/v2\/comments?post=15264"}],"version-history":[{"count":1,"href":"https:\/\/fadeweb.uncoma.edu.ar\/index.php\/wp-json\/wp\/v2\/posts\/15264\/revisions"}],"predecessor-version":[{"id":15266,"href":"https:\/\/fadeweb.uncoma.edu.ar\/index.php\/wp-json\/wp\/v2\/posts\/15264\/revisions\/15266"}],"wp:featuredmedia":[{"embeddable":true,"href":"https:\/\/fadeweb.uncoma.edu.ar\/index.php\/wp-json\/wp\/v2\/media\/15265"}],"wp:attachment":[{"href":"https:\/\/fadeweb.uncoma.edu.ar\/index.php\/wp-json\/wp\/v2\/media?parent=15264"}],"wp:term":[{"taxonomy":"category","embeddable":true,"href":"https:\/\/fadeweb.uncoma.edu.ar\/index.php\/wp-json\/wp\/v2\/categories?post=15264"},{"taxonomy":"post_tag","embeddable":true,"href":"https:\/\/fadeweb.uncoma.edu.ar\/index.php\/wp-json\/wp\/v2\/tags?post=15264"}],"curies":[{"name":"wp","href":"https:\/\/api.w.org\/{rel}","templated":true}]}}