{"id":15258,"date":"2023-05-01T00:01:34","date_gmt":"2023-05-01T03:01:34","guid":{"rendered":"https:\/\/fadeweb.uncoma.edu.ar\/?p=15258"},"modified":"2023-04-28T09:50:40","modified_gmt":"2023-04-28T12:50:40","slug":"1-de-mayo-dia-internacional-de-los-las-trabajadores-as","status":"publish","type":"post","link":"https:\/\/fadeweb.uncoma.edu.ar\/index.php\/2023\/05\/01\/1-de-mayo-dia-internacional-de-los-las-trabajadores-as\/","title":{"rendered":"1 DE MAYO D\u00cdA INTERNACIONAL DE LOS\/LAS TRABAJADORES\/AS"},"content":{"rendered":"<p><img fetchpriority=\"high\" decoding=\"async\" class=\"alignnone wp-image-15259\" src=\"https:\/\/fadeweb.uncoma.edu.ar\/wp-content\/uploads\/2023\/04\/1_DE_MAYO-copia-1024x1024.jpg\" alt=\"\" width=\"600\" height=\"600\" srcset=\"https:\/\/fadeweb.uncoma.edu.ar\/wp-content\/uploads\/2023\/04\/1_DE_MAYO-copia-1024x1024.jpg 1024w, https:\/\/fadeweb.uncoma.edu.ar\/wp-content\/uploads\/2023\/04\/1_DE_MAYO-copia-300x300.jpg 300w, https:\/\/fadeweb.uncoma.edu.ar\/wp-content\/uploads\/2023\/04\/1_DE_MAYO-copia-150x150.jpg 150w, https:\/\/fadeweb.uncoma.edu.ar\/wp-content\/uploads\/2023\/04\/1_DE_MAYO-copia-768x768.jpg 768w, https:\/\/fadeweb.uncoma.edu.ar\/wp-content\/uploads\/2023\/04\/1_DE_MAYO-copia.jpg 1080w\" sizes=\"(max-width: 600px) 100vw, 600px\" \/><\/p>\n<p>El 1 de mayo se conmemora la jornada de lucha por las ocho horas de trabajo, ocurrida en 1886 en Chicago, Estados Unidos, que culmin\u00f3 con una sangrienta represi\u00f3n.<\/p>\n<p>En Argentina, la conmemoraci\u00f3n cada 1 de mayo del D\u00eda de las\/los Trabajadoras\/es forma parte de la historia de lucha del movimiento obrero, en la que la movilizaci\u00f3n y la protesta se han distinguido como una se\u00f1al de identidad y la b\u00fasqueda de las conquistas de los derechos que aseguren la dignidad del trabajador.<\/p>\n<p>Las autoridades de la FADECS saludan a las\/los trabajadoras\/es en su d\u00eda, y celebra este merecido reconocimiento al incansable esfuerzo y dedicaci\u00f3n que ponen para hacer posible el progreso y bienestar.<\/p>\n","protected":false},"excerpt":{"rendered":"<p>El 1 de mayo se conmemora la jornada de lucha por las ocho horas de trabajo, ocurrida en 1886 en Chicago, Estados Unidos, que culmin\u00f3 con una sangrienta represi\u00f3n. En Argentina, la conmemoraci\u00f3n cada 1 de mayo del D\u00eda de las\/los Trabajadoras\/es forma parte de la historia de lucha del movimiento obrero, en la que [&hellip;]<\/p>\n","protected":false},"author":4,"featured_media":15259,"comment_status":"closed","ping_status":"closed","sticky":false,"template":"","format":"standard","meta":{"footnotes":""},"categories":[5],"tags":[],"class_list":["post-15258","post","type-post","status-publish","format-standard","has-post-thumbnail","hentry","category-notifadecs"],"_links":{"self":[{"href":"https:\/\/fadeweb.uncoma.edu.ar\/index.php\/wp-json\/wp\/v2\/posts\/15258","targetHints":{"allow":["GET"]}}],"collection":[{"href":"https:\/\/fadeweb.uncoma.edu.ar\/index.php\/wp-json\/wp\/v2\/posts"}],"about":[{"href":"https:\/\/fadeweb.uncoma.edu.ar\/index.php\/wp-json\/wp\/v2\/types\/post"}],"author":[{"embeddable":true,"href":"https:\/\/fadeweb.uncoma.edu.ar\/index.php\/wp-json\/wp\/v2\/users\/4"}],"replies":[{"embeddable":true,"href":"https:\/\/fadeweb.uncoma.edu.ar\/index.php\/wp-json\/wp\/v2\/comments?post=15258"}],"version-history":[{"count":1,"href":"https:\/\/fadeweb.uncoma.edu.ar\/index.php\/wp-json\/wp\/v2\/posts\/15258\/revisions"}],"predecessor-version":[{"id":15260,"href":"https:\/\/fadeweb.uncoma.edu.ar\/index.php\/wp-json\/wp\/v2\/posts\/15258\/revisions\/15260"}],"wp:featuredmedia":[{"embeddable":true,"href":"https:\/\/fadeweb.uncoma.edu.ar\/index.php\/wp-json\/wp\/v2\/media\/15259"}],"wp:attachment":[{"href":"https:\/\/fadeweb.uncoma.edu.ar\/index.php\/wp-json\/wp\/v2\/media?parent=15258"}],"wp:term":[{"taxonomy":"category","embeddable":true,"href":"https:\/\/fadeweb.uncoma.edu.ar\/index.php\/wp-json\/wp\/v2\/categories?post=15258"},{"taxonomy":"post_tag","embeddable":true,"href":"https:\/\/fadeweb.uncoma.edu.ar\/index.php\/wp-json\/wp\/v2\/tags?post=15258"}],"curies":[{"name":"wp","href":"https:\/\/api.w.org\/{rel}","templated":true}]}}