{"id":15167,"date":"2023-05-04T14:01:57","date_gmt":"2023-05-04T17:01:57","guid":{"rendered":"https:\/\/fadeweb.uncoma.edu.ar\/?p=15167"},"modified":"2023-05-04T14:06:21","modified_gmt":"2023-05-04T17:06:21","slug":"nueva-convocatoria-curso-de-ensenanza-de-lengua-de-senas-argentina","status":"publish","type":"post","link":"https:\/\/fadeweb.uncoma.edu.ar\/index.php\/2023\/05\/04\/nueva-convocatoria-curso-de-ensenanza-de-lengua-de-senas-argentina\/","title":{"rendered":"NUEVA CONVOCATORIA CURSO DE ENSE\u00d1ANZA DE LENGUA DE SE\u00d1AS ARGENTINA"},"content":{"rendered":"<p><img fetchpriority=\"high\" decoding=\"async\" class=\"alignnone wp-image-15168 alignleft\" title=\"NUEVA CONVOCATORIA CURSO DE ENSE\u00d1ANZA DE LENGUA DE SE\u00d1AS ARGENTINA\" src=\"https:\/\/fadeweb.uncoma.edu.ar\/wp-content\/uploads\/2023\/04\/TALLER_senas_argentinas2023-3-IG-1024x1024.jpg\" alt=\"\" width=\"600\" height=\"600\" srcset=\"https:\/\/fadeweb.uncoma.edu.ar\/wp-content\/uploads\/2023\/04\/TALLER_senas_argentinas2023-3-IG-1024x1024.jpg 1024w, https:\/\/fadeweb.uncoma.edu.ar\/wp-content\/uploads\/2023\/04\/TALLER_senas_argentinas2023-3-IG-300x300.jpg 300w, https:\/\/fadeweb.uncoma.edu.ar\/wp-content\/uploads\/2023\/04\/TALLER_senas_argentinas2023-3-IG-150x150.jpg 150w, https:\/\/fadeweb.uncoma.edu.ar\/wp-content\/uploads\/2023\/04\/TALLER_senas_argentinas2023-3-IG-768x768.jpg 768w, https:\/\/fadeweb.uncoma.edu.ar\/wp-content\/uploads\/2023\/04\/TALLER_senas_argentinas2023-3-IG.jpg 1080w\" sizes=\"(max-width: 600px) 100vw, 600px\" \/><\/p>\n<p style=\"text-align: left;\">La Facultad de Derecho y Ciencias Sociales informa que se abrir\u00e1 una nueva convocatoria para la tercera cohorte del Curso de Ense\u00f1anza de Lengua de Se\u00f1as Argentina. Nivel Inicial.<\/p>\n<p style=\"text-align: left;\">El curso ser\u00e1 dirigido por el instructor sordo Norberto Ibarra, quien estar\u00e1 acompa\u00f1ado por las int\u00e9rpretes Carolina L\u00f3pez, Carina Lincoleo, Natalia P\u00e9rez y Evelina Correa, como suplente.<\/p>\n<p style=\"text-align: left;\">Esquema del curso<\/p>\n<p style=\"text-align: left;\">\u25cf Curso Nivel Inicial: Duraci\u00f3n 12 clases. Cursado: 2 horas por semana. Modalidad: Presencial. Inicio: 15 de mayo.<\/p>\n<p style=\"text-align: left;\">Los objetivos son lograr una comunicaci\u00f3n igualitaria sin barreras, inclusiva y participativa en todos los \u00e1mbitos sociales. La sensibilizaci\u00f3n ante la necesidad de la Inclusi\u00f3n desde los lugares p\u00fablicos a personas oyentes hablantes de la LSA.<\/p>\n<p style=\"text-align: left;\">Cronograma \u2013 D\u00eda y horario: lunes de 18 a 20<\/p>\n<p style=\"text-align: left;\">Costo:<br \/>\nValor de inscripci\u00f3n: $ 3.000<br \/>\nValor del curso: un pago de $ 14.000 o dos cuotas de $ 7.000<\/p>\n<p style=\"text-align: left;\">Las inscripciones se pueden realizar desde el 25 de abril hasta el 12 de mayo inclusive, en el siguiente formulario:<br \/>\nhttps:\/\/docs.google.com\/forms\/d\/e\/1FAIpQLSe21bTFMWizgmhqMr6ODDgH6H2jnJmjPLi75fFkWunp2LYcfQ\/viewform?usp=sf_link<\/p>\n<p style=\"text-align: left;\">Consultas a: inscripciones.extensionfadecs@gmail.com o al celular 02984 690225<\/p>\n<p style=\"text-align: left;\">Organiza: Secretar\u00eda de Extensi\u00f3n de la Facultad de Derecho y Ciencias Sociales de la Universidad Nacional del Comahue. Aval FADECS Res. N\u00b0 185\/22.<\/p>\n","protected":false},"excerpt":{"rendered":"<p>La Facultad de Derecho y Ciencias Sociales informa que se abrir\u00e1 una nueva convocatoria para la tercera cohorte del Curso de Ense\u00f1anza de Lengua de Se\u00f1as Argentina. Nivel Inicial. El curso ser\u00e1 dirigido por el instructor sordo Norberto Ibarra, quien estar\u00e1 acompa\u00f1ado por las int\u00e9rpretes Carolina L\u00f3pez, Carina Lincoleo, Natalia P\u00e9rez y Evelina Correa, como [&hellip;]<\/p>\n","protected":false},"author":4,"featured_media":15168,"comment_status":"closed","ping_status":"closed","sticky":false,"template":"","format":"standard","meta":{"footnotes":""},"categories":[82,5],"tags":[],"class_list":["post-15167","post","type-post","status-publish","format-standard","has-post-thumbnail","hentry","category-lengua-de-senas-argentina","category-notifadecs"],"_links":{"self":[{"href":"https:\/\/fadeweb.uncoma.edu.ar\/index.php\/wp-json\/wp\/v2\/posts\/15167","targetHints":{"allow":["GET"]}}],"collection":[{"href":"https:\/\/fadeweb.uncoma.edu.ar\/index.php\/wp-json\/wp\/v2\/posts"}],"about":[{"href":"https:\/\/fadeweb.uncoma.edu.ar\/index.php\/wp-json\/wp\/v2\/types\/post"}],"author":[{"embeddable":true,"href":"https:\/\/fadeweb.uncoma.edu.ar\/index.php\/wp-json\/wp\/v2\/users\/4"}],"replies":[{"embeddable":true,"href":"https:\/\/fadeweb.uncoma.edu.ar\/index.php\/wp-json\/wp\/v2\/comments?post=15167"}],"version-history":[{"count":2,"href":"https:\/\/fadeweb.uncoma.edu.ar\/index.php\/wp-json\/wp\/v2\/posts\/15167\/revisions"}],"predecessor-version":[{"id":15312,"href":"https:\/\/fadeweb.uncoma.edu.ar\/index.php\/wp-json\/wp\/v2\/posts\/15167\/revisions\/15312"}],"wp:featuredmedia":[{"embeddable":true,"href":"https:\/\/fadeweb.uncoma.edu.ar\/index.php\/wp-json\/wp\/v2\/media\/15168"}],"wp:attachment":[{"href":"https:\/\/fadeweb.uncoma.edu.ar\/index.php\/wp-json\/wp\/v2\/media?parent=15167"}],"wp:term":[{"taxonomy":"category","embeddable":true,"href":"https:\/\/fadeweb.uncoma.edu.ar\/index.php\/wp-json\/wp\/v2\/categories?post=15167"},{"taxonomy":"post_tag","embeddable":true,"href":"https:\/\/fadeweb.uncoma.edu.ar\/index.php\/wp-json\/wp\/v2\/tags?post=15167"}],"curies":[{"name":"wp","href":"https:\/\/api.w.org\/{rel}","templated":true}]}}