{"id":14602,"date":"2023-03-22T12:30:08","date_gmt":"2023-03-22T15:30:08","guid":{"rendered":"https:\/\/fadeweb.uncoma.edu.ar\/?p=14602"},"modified":"2023-03-22T12:30:08","modified_gmt":"2023-03-22T15:30:08","slug":"1ras-jornadas-de-accesibilidad-una-construccion-colectiva","status":"publish","type":"post","link":"https:\/\/fadeweb.uncoma.edu.ar\/index.php\/2023\/03\/22\/1ras-jornadas-de-accesibilidad-una-construccion-colectiva\/","title":{"rendered":"1RAS JORNADAS DE ACCESIBILIDAD: UNA CONSTRUCCI\u00d3N COLECTIVA"},"content":{"rendered":"<p><img fetchpriority=\"high\" decoding=\"async\" class=\"alignnone wp-image-14603 alignleft\" src=\"https:\/\/fadeweb.uncoma.edu.ar\/wp-content\/uploads\/2023\/03\/00-1024x1024.jpg\" alt=\"\" width=\"600\" height=\"600\" srcset=\"https:\/\/fadeweb.uncoma.edu.ar\/wp-content\/uploads\/2023\/03\/00-1024x1024.jpg 1024w, https:\/\/fadeweb.uncoma.edu.ar\/wp-content\/uploads\/2023\/03\/00-300x300.jpg 300w, https:\/\/fadeweb.uncoma.edu.ar\/wp-content\/uploads\/2023\/03\/00-150x150.jpg 150w, https:\/\/fadeweb.uncoma.edu.ar\/wp-content\/uploads\/2023\/03\/00-768x768.jpg 768w, https:\/\/fadeweb.uncoma.edu.ar\/wp-content\/uploads\/2023\/03\/00.jpg 1280w\" sizes=\"(max-width: 600px) 100vw, 600px\" \/> <img decoding=\"async\" class=\"alignnone wp-image-14604 alignleft\" src=\"https:\/\/fadeweb.uncoma.edu.ar\/wp-content\/uploads\/2023\/03\/0-1024x768.jpg\" alt=\"\" width=\"600\" height=\"450\" srcset=\"https:\/\/fadeweb.uncoma.edu.ar\/wp-content\/uploads\/2023\/03\/0-1024x768.jpg 1024w, https:\/\/fadeweb.uncoma.edu.ar\/wp-content\/uploads\/2023\/03\/0-300x225.jpg 300w, https:\/\/fadeweb.uncoma.edu.ar\/wp-content\/uploads\/2023\/03\/0-768x576.jpg 768w, https:\/\/fadeweb.uncoma.edu.ar\/wp-content\/uploads\/2023\/03\/0.jpg 1280w\" sizes=\"(max-width: 600px) 100vw, 600px\" \/><\/p>\n<p style=\"text-align: left;\">\nSe realizan hoy, mi\u00e9rcoles 22 de marzo, las \u00ab1ras Jornadas de Accesibilidad: una construcci\u00f3n colectiva\u00bb en la sede de IUPA, con la participaci\u00f3n de la Secretaria Acad\u00e9mica de la FADECS Mar\u00eda Marta Peralta y la Secretaria de Bienestar Estudiantil Mariela P\u00e9rez.<\/p>\n<p>La Secretaria de Bienestar Estudiantil de la FADECS Mariela P\u00e9rez se reuni\u00f3 con referentes de la Comisi\u00f3n de Accesibilidad al Medio F\u00edsico y Social de la sede central de UNCo.<\/p>\n<p>Adem\u00e1s, con la participaci\u00f3n de diversas instituciones universitarias de la zona e institutos de formaci\u00f3n superior, se analizaron problem\u00e1ticas en torno de la construcci\u00f3n de las trayectorias acad\u00e9micas de personas en situaci\u00f3n de discapacidad y sus titulaciones. Los equipos de trabajo presentes compartieron experiencias en tornos a las diversas estrategias, recursos y nuevos desaf\u00edos en el camino de la titulaci\u00f3n.<\/p>\n","protected":false},"excerpt":{"rendered":"<p>Se realizan hoy, mi\u00e9rcoles 22 de marzo, las \u00ab1ras Jornadas de Accesibilidad: una construcci\u00f3n colectiva\u00bb en la sede de IUPA, con la participaci\u00f3n de la Secretaria Acad\u00e9mica de la FADECS Mar\u00eda Marta Peralta y la Secretaria de Bienestar Estudiantil Mariela P\u00e9rez. La Secretaria de Bienestar Estudiantil de la FADECS Mariela P\u00e9rez se reuni\u00f3 con referentes [&hellip;]<\/p>\n","protected":false},"author":4,"featured_media":14603,"comment_status":"closed","ping_status":"closed","sticky":false,"template":"","format":"standard","meta":{"footnotes":""},"categories":[81,5],"tags":[],"class_list":["post-14602","post","type-post","status-publish","format-standard","has-post-thumbnail","hentry","category-accesibilidad","category-notifadecs"],"_links":{"self":[{"href":"https:\/\/fadeweb.uncoma.edu.ar\/index.php\/wp-json\/wp\/v2\/posts\/14602","targetHints":{"allow":["GET"]}}],"collection":[{"href":"https:\/\/fadeweb.uncoma.edu.ar\/index.php\/wp-json\/wp\/v2\/posts"}],"about":[{"href":"https:\/\/fadeweb.uncoma.edu.ar\/index.php\/wp-json\/wp\/v2\/types\/post"}],"author":[{"embeddable":true,"href":"https:\/\/fadeweb.uncoma.edu.ar\/index.php\/wp-json\/wp\/v2\/users\/4"}],"replies":[{"embeddable":true,"href":"https:\/\/fadeweb.uncoma.edu.ar\/index.php\/wp-json\/wp\/v2\/comments?post=14602"}],"version-history":[{"count":1,"href":"https:\/\/fadeweb.uncoma.edu.ar\/index.php\/wp-json\/wp\/v2\/posts\/14602\/revisions"}],"predecessor-version":[{"id":14605,"href":"https:\/\/fadeweb.uncoma.edu.ar\/index.php\/wp-json\/wp\/v2\/posts\/14602\/revisions\/14605"}],"wp:featuredmedia":[{"embeddable":true,"href":"https:\/\/fadeweb.uncoma.edu.ar\/index.php\/wp-json\/wp\/v2\/media\/14603"}],"wp:attachment":[{"href":"https:\/\/fadeweb.uncoma.edu.ar\/index.php\/wp-json\/wp\/v2\/media?parent=14602"}],"wp:term":[{"taxonomy":"category","embeddable":true,"href":"https:\/\/fadeweb.uncoma.edu.ar\/index.php\/wp-json\/wp\/v2\/categories?post=14602"},{"taxonomy":"post_tag","embeddable":true,"href":"https:\/\/fadeweb.uncoma.edu.ar\/index.php\/wp-json\/wp\/v2\/tags?post=14602"}],"curies":[{"name":"wp","href":"https:\/\/api.w.org\/{rel}","templated":true}]}}