{"id":14411,"date":"2023-03-13T14:41:46","date_gmt":"2023-03-13T17:41:46","guid":{"rendered":"https:\/\/fadeweb.uncoma.edu.ar\/?p=14411"},"modified":"2023-03-13T14:41:46","modified_gmt":"2023-03-13T17:41:46","slug":"diplomatura-en-herramientas-gerontologicas-se-amplio-la-fecha-de-inscripcion","status":"publish","type":"post","link":"https:\/\/fadeweb.uncoma.edu.ar\/index.php\/2023\/03\/13\/diplomatura-en-herramientas-gerontologicas-se-amplio-la-fecha-de-inscripcion\/","title":{"rendered":"DIPLOMATURA EN HERRAMIENTAS GERONTOL\u00d3GICAS. SE AMPLI\u00d3 LA FECHA DE INSCRIPCI\u00d3N."},"content":{"rendered":"<p><img fetchpriority=\"high\" decoding=\"async\" class=\"alignnone wp-image-14412 alignleft\" src=\"https:\/\/fadeweb.uncoma.edu.ar\/wp-content\/uploads\/2023\/03\/DIPLOMATURA-EN-HERRAMIENTAS-GERONTOLOGICAS-2023-1024x1024.jpg\" alt=\"\" width=\"600\" height=\"600\" srcset=\"https:\/\/fadeweb.uncoma.edu.ar\/wp-content\/uploads\/2023\/03\/DIPLOMATURA-EN-HERRAMIENTAS-GERONTOLOGICAS-2023-1024x1024.jpg 1024w, https:\/\/fadeweb.uncoma.edu.ar\/wp-content\/uploads\/2023\/03\/DIPLOMATURA-EN-HERRAMIENTAS-GERONTOLOGICAS-2023-300x300.jpg 300w, https:\/\/fadeweb.uncoma.edu.ar\/wp-content\/uploads\/2023\/03\/DIPLOMATURA-EN-HERRAMIENTAS-GERONTOLOGICAS-2023-150x150.jpg 150w, https:\/\/fadeweb.uncoma.edu.ar\/wp-content\/uploads\/2023\/03\/DIPLOMATURA-EN-HERRAMIENTAS-GERONTOLOGICAS-2023-768x768.jpg 768w, https:\/\/fadeweb.uncoma.edu.ar\/wp-content\/uploads\/2023\/03\/DIPLOMATURA-EN-HERRAMIENTAS-GERONTOLOGICAS-2023.jpg 1080w\" sizes=\"(max-width: 600px) 100vw, 600px\" \/><\/p>\n<p style=\"text-align: left;\">La segunda cohorte de la Diplomatura en Herramientas Gerontol\u00f3gicas, aprobada por el CD de la FADECS, comenzar\u00e1 a dictarse el 22 de marzo de 2023.<\/p>\n<p style=\"text-align: left;\">Cuenta con el aval de la Secretar\u00eda de Extensi\u00f3n Universitaria de la UNCo (Ordenanza N\u00ba 491\/2019) y del Consejo Directivo de la FADECS (Resoluci\u00f3n N\u00ba 0031\/2021).<\/p>\n<p style=\"text-align: left;\">La Diplomatura es de modalidad virtual, con una carga horaria de 120 horas en total. El cursado ser\u00e1 todos los mi\u00e9rcoles de 14:30 a 17:30 hs, desde el 22 de marzo hasta el 13 de septiembre, con receso invernal del 8 al 23 de julio.<\/p>\n<p style=\"text-align: left;\">El programa est\u00e1 destinado a personas que desean iniciarse en el campo de los cuidados gerontol\u00f3gicos, personas que ya cuentan con herramientas previas o aquellos que deseen ampliar sus conocimientos con relaci\u00f3n a la tem\u00e1tica de los cuidados, la autonom\u00eda y los derechos de las personas mayores.<\/p>\n<p style=\"text-align: left;\">Los Responsables de la coordinaci\u00f3n son la Mg. Mar\u00eda Cecilia Beit\u00eda &#8211; FADECS, el Lic. Alejandro Goya Villagr\u00e1n &#8211; FADECS, y la Dra. Ivana Garc\u00eda \u2013 Proyecto de investigaci\u00f3n UNCo.<\/p>\n<p style=\"text-align: left;\">La fecha de las inscripciones se ampliaron hasta el 10 de abril de 2023, y se realizan mediante el correo diplomaturagerontologia@gmail.com<\/p>\n<p style=\"text-align: left;\">Es requisito fundamental ser mayor de 18 a\u00f1os, tener aprobado el nivel medio o ciclo polimodal de ense\u00f1anza y estar vinculado con la tem\u00e1tica en forma directa o indirecta. Es necesario inscribirse en forma previa. Se establece un cupo m\u00e1ximo de 70 cursantes.<\/p>\n<p style=\"text-align: left;\">Proyecto Diplomatura Herramientas Gerontol\u00f3gicas: <a href=\"https:\/\/bit.ly\/2NssZPI\">https:\/\/bit.ly\/2NssZPI<\/a><\/p>\n<p style=\"text-align: left;\">Las consultas e inscripciones se reciben en el correo: <a href=\"mailto:diplomaturagerontologia@gmail.com\">diplomaturagerontologia@gmail.com<\/a><\/p>\n","protected":false},"excerpt":{"rendered":"<p>La segunda cohorte de la Diplomatura en Herramientas Gerontol\u00f3gicas, aprobada por el CD de la FADECS, comenzar\u00e1 a dictarse el 22 de marzo de 2023. Cuenta con el aval de la Secretar\u00eda de Extensi\u00f3n Universitaria de la UNCo (Ordenanza N\u00ba 491\/2019) y del Consejo Directivo de la FADECS (Resoluci\u00f3n N\u00ba 0031\/2021). La Diplomatura es de [&hellip;]<\/p>\n","protected":false},"author":4,"featured_media":14412,"comment_status":"closed","ping_status":"closed","sticky":false,"template":"","format":"standard","meta":{"footnotes":""},"categories":[40,79,5],"tags":[],"class_list":["post-14411","post","type-post","status-publish","format-standard","has-post-thumbnail","hentry","category-diplomatura-g","category-extension","category-notifadecs"],"_links":{"self":[{"href":"https:\/\/fadeweb.uncoma.edu.ar\/index.php\/wp-json\/wp\/v2\/posts\/14411","targetHints":{"allow":["GET"]}}],"collection":[{"href":"https:\/\/fadeweb.uncoma.edu.ar\/index.php\/wp-json\/wp\/v2\/posts"}],"about":[{"href":"https:\/\/fadeweb.uncoma.edu.ar\/index.php\/wp-json\/wp\/v2\/types\/post"}],"author":[{"embeddable":true,"href":"https:\/\/fadeweb.uncoma.edu.ar\/index.php\/wp-json\/wp\/v2\/users\/4"}],"replies":[{"embeddable":true,"href":"https:\/\/fadeweb.uncoma.edu.ar\/index.php\/wp-json\/wp\/v2\/comments?post=14411"}],"version-history":[{"count":1,"href":"https:\/\/fadeweb.uncoma.edu.ar\/index.php\/wp-json\/wp\/v2\/posts\/14411\/revisions"}],"predecessor-version":[{"id":14413,"href":"https:\/\/fadeweb.uncoma.edu.ar\/index.php\/wp-json\/wp\/v2\/posts\/14411\/revisions\/14413"}],"wp:featuredmedia":[{"embeddable":true,"href":"https:\/\/fadeweb.uncoma.edu.ar\/index.php\/wp-json\/wp\/v2\/media\/14412"}],"wp:attachment":[{"href":"https:\/\/fadeweb.uncoma.edu.ar\/index.php\/wp-json\/wp\/v2\/media?parent=14411"}],"wp:term":[{"taxonomy":"category","embeddable":true,"href":"https:\/\/fadeweb.uncoma.edu.ar\/index.php\/wp-json\/wp\/v2\/categories?post=14411"},{"taxonomy":"post_tag","embeddable":true,"href":"https:\/\/fadeweb.uncoma.edu.ar\/index.php\/wp-json\/wp\/v2\/tags?post=14411"}],"curies":[{"name":"wp","href":"https:\/\/api.w.org\/{rel}","templated":true}]}}