{"id":14404,"date":"2023-03-13T12:54:17","date_gmt":"2023-03-13T15:54:17","guid":{"rendered":"https:\/\/fadeweb.uncoma.edu.ar\/?p=14404"},"modified":"2023-03-13T12:54:17","modified_gmt":"2023-03-13T15:54:17","slug":"conferencia-sobre-de-los-derechos-de-la-mujer-en-el-ambito-de-la-actividad-economica","status":"publish","type":"post","link":"https:\/\/fadeweb.uncoma.edu.ar\/index.php\/2023\/03\/13\/conferencia-sobre-de-los-derechos-de-la-mujer-en-el-ambito-de-la-actividad-economica\/","title":{"rendered":"CONFERENCIA SOBRE DE LOS DERECHOS DE LA MUJER EN EL \u00c1MBITO DE LA ACTIVIDAD ECON\u00d3MICA"},"content":{"rendered":"<p><img fetchpriority=\"high\" decoding=\"async\" class=\"alignnone wp-image-14405 alignleft\" src=\"https:\/\/fadeweb.uncoma.edu.ar\/wp-content\/uploads\/2023\/03\/Estereotipos-y-empresa-1024x1024.jpg\" alt=\"\" width=\"600\" height=\"600\" srcset=\"https:\/\/fadeweb.uncoma.edu.ar\/wp-content\/uploads\/2023\/03\/Estereotipos-y-empresa-1024x1024.jpg 1024w, https:\/\/fadeweb.uncoma.edu.ar\/wp-content\/uploads\/2023\/03\/Estereotipos-y-empresa-300x300.jpg 300w, https:\/\/fadeweb.uncoma.edu.ar\/wp-content\/uploads\/2023\/03\/Estereotipos-y-empresa-150x150.jpg 150w, https:\/\/fadeweb.uncoma.edu.ar\/wp-content\/uploads\/2023\/03\/Estereotipos-y-empresa-768x768.jpg 768w, https:\/\/fadeweb.uncoma.edu.ar\/wp-content\/uploads\/2023\/03\/Estereotipos-y-empresa.jpg 1080w\" sizes=\"(max-width: 600px) 100vw, 600px\" \/><\/p>\n<p style=\"text-align: left;\">La Secretar\u00eda de Extensi\u00f3n informa que, en el marco del mes de la Mujer, el mi\u00e9rcoles 22 de marzo a las 17:30 en el aula 34 se realizar\u00e1 una conferencia con el abordaje de la efectivizaci\u00f3n de los derechos de la mujer en el \u00e1mbito de la actividad econ\u00f3mica.<\/p>\n<p style=\"text-align: left;\">Se trata de una actividad acad\u00e9mica organizada desde la C\u00e1tedra de Derecho Comercial III en conjunto con la Secretar\u00eda de Extensi\u00f3n, la que estar\u00e1 a cargo de las profesoras invitadas: Gabriela Fernanda Boquin y Patricia Fern\u00e1ndez Andreani, quienes desarrollan sus conferencias sobre \u201cEstereotipos y empresa\u201d a cargo de la Dra. Boqu\u00edn, y \u201cLibertades econ\u00f3micas, constitucionalismo social y mujeres\u201d por la Dra. Patricia Fern\u00e1ndez Andreani.<\/p>\n<p style=\"text-align: left;\">Las conferencistas Boquin y Fern\u00e1ndez Andreani son autoras del libro \u201cIgualdad real de las Mujeres\u201d. El encuentro est\u00e1 destinado a toda la comunidad acad\u00e9mica y p\u00fablico en general, y cuenta con el aval de la Direcci\u00f3n de Departamento de Derecho Privado.<\/p>\n<p style=\"text-align: left;\">Se entregar\u00e1n certificados de asistencia.<\/p>\n<p style=\"text-align: left;\"><a href=\"https:\/\/docs.google.com\/forms\/d\/e\/1FAIpQLSezGTZOPY85OCM5RTeZYlvF1A2XsEzfKnVQ-r80ge_EapeoAQ\/viewform?usp=sf_link\"><strong>Formulario de inscripci\u00f3n.<\/strong><\/a><\/p>\n","protected":false},"excerpt":{"rendered":"<p>La Secretar\u00eda de Extensi\u00f3n informa que, en el marco del mes de la Mujer, el mi\u00e9rcoles 22 de marzo a las 17:30 en el aula 34 se realizar\u00e1 una conferencia con el abordaje de la efectivizaci\u00f3n de los derechos de la mujer en el \u00e1mbito de la actividad econ\u00f3mica. Se trata de una actividad acad\u00e9mica [&hellip;]<\/p>\n","protected":false},"author":4,"featured_media":14405,"comment_status":"closed","ping_status":"closed","sticky":false,"template":"","format":"standard","meta":{"footnotes":""},"categories":[97,85,86,79,5],"tags":[],"class_list":["post-14404","post","type-post","status-publish","format-standard","has-post-thumbnail","hentry","category-8m","category-abogacia","category-derecho","category-extension","category-notifadecs"],"_links":{"self":[{"href":"https:\/\/fadeweb.uncoma.edu.ar\/index.php\/wp-json\/wp\/v2\/posts\/14404","targetHints":{"allow":["GET"]}}],"collection":[{"href":"https:\/\/fadeweb.uncoma.edu.ar\/index.php\/wp-json\/wp\/v2\/posts"}],"about":[{"href":"https:\/\/fadeweb.uncoma.edu.ar\/index.php\/wp-json\/wp\/v2\/types\/post"}],"author":[{"embeddable":true,"href":"https:\/\/fadeweb.uncoma.edu.ar\/index.php\/wp-json\/wp\/v2\/users\/4"}],"replies":[{"embeddable":true,"href":"https:\/\/fadeweb.uncoma.edu.ar\/index.php\/wp-json\/wp\/v2\/comments?post=14404"}],"version-history":[{"count":1,"href":"https:\/\/fadeweb.uncoma.edu.ar\/index.php\/wp-json\/wp\/v2\/posts\/14404\/revisions"}],"predecessor-version":[{"id":14406,"href":"https:\/\/fadeweb.uncoma.edu.ar\/index.php\/wp-json\/wp\/v2\/posts\/14404\/revisions\/14406"}],"wp:featuredmedia":[{"embeddable":true,"href":"https:\/\/fadeweb.uncoma.edu.ar\/index.php\/wp-json\/wp\/v2\/media\/14405"}],"wp:attachment":[{"href":"https:\/\/fadeweb.uncoma.edu.ar\/index.php\/wp-json\/wp\/v2\/media?parent=14404"}],"wp:term":[{"taxonomy":"category","embeddable":true,"href":"https:\/\/fadeweb.uncoma.edu.ar\/index.php\/wp-json\/wp\/v2\/categories?post=14404"},{"taxonomy":"post_tag","embeddable":true,"href":"https:\/\/fadeweb.uncoma.edu.ar\/index.php\/wp-json\/wp\/v2\/tags?post=14404"}],"curies":[{"name":"wp","href":"https:\/\/api.w.org\/{rel}","templated":true}]}}