{"id":14258,"date":"2023-03-06T14:08:36","date_gmt":"2023-03-06T17:08:36","guid":{"rendered":"https:\/\/fadeweb.uncoma.edu.ar\/?p=14258"},"modified":"2023-03-06T14:09:16","modified_gmt":"2023-03-06T17:09:16","slug":"desde-el-consejo-de-las-mujeres-diversas-de-fiske-menuco-convocan-al-8m","status":"publish","type":"post","link":"https:\/\/fadeweb.uncoma.edu.ar\/index.php\/2023\/03\/06\/desde-el-consejo-de-las-mujeres-diversas-de-fiske-menuco-convocan-al-8m\/","title":{"rendered":"DESDE EL CONSEJO DE LAS MUJERES DIVERSAS DE FISKE MENUCO, CONVOCAN AL #8M\u00a0"},"content":{"rendered":"<p><img fetchpriority=\"high\" decoding=\"async\" class=\"wp-image-14259 alignleft\" src=\"https:\/\/fadeweb.uncoma.edu.ar\/wp-content\/uploads\/2023\/03\/8-de-marzo-300x300.jpeg\" alt=\"\" width=\"600\" height=\"600\" srcset=\"https:\/\/fadeweb.uncoma.edu.ar\/wp-content\/uploads\/2023\/03\/8-de-marzo-300x300.jpeg 300w, https:\/\/fadeweb.uncoma.edu.ar\/wp-content\/uploads\/2023\/03\/8-de-marzo-1024x1024.jpeg 1024w, https:\/\/fadeweb.uncoma.edu.ar\/wp-content\/uploads\/2023\/03\/8-de-marzo-150x150.jpeg 150w, https:\/\/fadeweb.uncoma.edu.ar\/wp-content\/uploads\/2023\/03\/8-de-marzo-768x768.jpeg 768w, https:\/\/fadeweb.uncoma.edu.ar\/wp-content\/uploads\/2023\/03\/8-de-marzo.jpeg 1080w\" sizes=\"(max-width: 600px) 100vw, 600px\" \/><\/p>\n<p>Desde la Secretar\u00eda de Bienestar Estudiantil, como integrantes del Consejo Local de Mujeres Diversas, les invitamos a sumarse y participar de la concentraci\u00f3n y marcha que se llevar\u00e1 adelante el d\u00eda mi\u00e9rcoles 8 de marzo a partir de las 18 hs en Plaza San Mart\u00edn!<\/p>\n<p>Les esperamos<\/p>\n<p>&nbsp;<\/p>\n<p>Para informarse de las actividades organizadas por el Consejo, puede escuchar la entrevista completa realizada en Antena Libre, haciendo click ac\u00e1: https:\/\/www.antena-libre.com.ar\/2023\/03\/01\/desde-el-consejo-de-las-mujeres-diversas-de-fiske-menuco-convocan-al-8m\/<\/p>\n","protected":false},"excerpt":{"rendered":"<p>Desde la Secretar\u00eda de Bienestar Estudiantil, como integrantes del Consejo Local de Mujeres Diversas, les invitamos a sumarse y participar de la concentraci\u00f3n y marcha que se llevar\u00e1 adelante el d\u00eda mi\u00e9rcoles 8 de marzo a partir de las 18 hs en Plaza San Mart\u00edn! Les esperamos &nbsp; Para informarse de las actividades organizadas por [&hellip;]<\/p>\n","protected":false},"author":3,"featured_media":14259,"comment_status":"closed","ping_status":"open","sticky":false,"template":"","format":"standard","meta":{"footnotes":""},"categories":[97,61,5,77],"tags":[],"class_list":["post-14258","post","type-post","status-publish","format-standard","has-post-thumbnail","hentry","category-8m","category-bienestar","category-notifadecs","category-violencia-de-genero"],"_links":{"self":[{"href":"https:\/\/fadeweb.uncoma.edu.ar\/index.php\/wp-json\/wp\/v2\/posts\/14258","targetHints":{"allow":["GET"]}}],"collection":[{"href":"https:\/\/fadeweb.uncoma.edu.ar\/index.php\/wp-json\/wp\/v2\/posts"}],"about":[{"href":"https:\/\/fadeweb.uncoma.edu.ar\/index.php\/wp-json\/wp\/v2\/types\/post"}],"author":[{"embeddable":true,"href":"https:\/\/fadeweb.uncoma.edu.ar\/index.php\/wp-json\/wp\/v2\/users\/3"}],"replies":[{"embeddable":true,"href":"https:\/\/fadeweb.uncoma.edu.ar\/index.php\/wp-json\/wp\/v2\/comments?post=14258"}],"version-history":[{"count":1,"href":"https:\/\/fadeweb.uncoma.edu.ar\/index.php\/wp-json\/wp\/v2\/posts\/14258\/revisions"}],"predecessor-version":[{"id":14260,"href":"https:\/\/fadeweb.uncoma.edu.ar\/index.php\/wp-json\/wp\/v2\/posts\/14258\/revisions\/14260"}],"wp:featuredmedia":[{"embeddable":true,"href":"https:\/\/fadeweb.uncoma.edu.ar\/index.php\/wp-json\/wp\/v2\/media\/14259"}],"wp:attachment":[{"href":"https:\/\/fadeweb.uncoma.edu.ar\/index.php\/wp-json\/wp\/v2\/media?parent=14258"}],"wp:term":[{"taxonomy":"category","embeddable":true,"href":"https:\/\/fadeweb.uncoma.edu.ar\/index.php\/wp-json\/wp\/v2\/categories?post=14258"},{"taxonomy":"post_tag","embeddable":true,"href":"https:\/\/fadeweb.uncoma.edu.ar\/index.php\/wp-json\/wp\/v2\/tags?post=14258"}],"curies":[{"name":"wp","href":"https:\/\/api.w.org\/{rel}","templated":true}]}}