{"id":14249,"date":"2023-03-06T12:31:41","date_gmt":"2023-03-06T15:31:41","guid":{"rendered":"https:\/\/fadeweb.uncoma.edu.ar\/?p=14249"},"modified":"2023-03-06T13:45:39","modified_gmt":"2023-03-06T16:45:39","slug":"14249","status":"publish","type":"post","link":"https:\/\/fadeweb.uncoma.edu.ar\/index.php\/2023\/03\/06\/14249\/","title":{"rendered":"CAPACITACI\u00d3N VIRTUAL \u201cNI\u00d1OS, NI\u00d1AS Y ADOLESCENTES EN CONFLICTO CON LA LEY PENAL\u00bb"},"content":{"rendered":"<p><img fetchpriority=\"high\" decoding=\"async\" class=\"wp-image-14250 alignleft\" src=\"https:\/\/fadeweb.uncoma.edu.ar\/wp-content\/uploads\/2023\/03\/Capacitacion-Virtual-208x300.jpeg\" alt=\"\" width=\"600\" height=\"866\" srcset=\"https:\/\/fadeweb.uncoma.edu.ar\/wp-content\/uploads\/2023\/03\/Capacitacion-Virtual-208x300.jpeg 208w, https:\/\/fadeweb.uncoma.edu.ar\/wp-content\/uploads\/2023\/03\/Capacitacion-Virtual-709x1024.jpeg 709w, https:\/\/fadeweb.uncoma.edu.ar\/wp-content\/uploads\/2023\/03\/Capacitacion-Virtual-768x1108.jpeg 768w, https:\/\/fadeweb.uncoma.edu.ar\/wp-content\/uploads\/2023\/03\/Capacitacion-Virtual.jpeg 900w\" sizes=\"(max-width: 600px) 100vw, 600px\" \/><\/p>\n<p>El dictado de la capacitaci\u00f3n comienza el 29 de marzo y finaliza el 31 de mayo, y tiene una duraci\u00f3n de 9 (nueve) semanas. Se compone de un M\u00f3dulo Introductorio, cinco m\u00f3dulos tem\u00e1ticos y un M\u00f3dulo Final. El cursado es de acceso gratuito.<\/p>\n<p>Los objetivos de la capacitaci\u00f3n son aportar la mirada local y regional; contribuir al proceso de reflexi\u00f3n en Regi\u00f3n Patag\u00f3nica Argentina y espec\u00edficamente en la Provincia de R\u00edo Negro, sobre la administraci\u00f3n de justicia penal de personas menores de 18 a\u00f1os; y colaborar en la formaci\u00f3n de profesionales capacitados\/as para trabajar en organismos e instituciones relacionados a la promoci\u00f3n, protecci\u00f3n y ejercicio de derechos especialmente a la tem\u00e1tica de responsabilidad penal adolescente de la provincia.<\/p>\n<p>&nbsp;<\/p>\n<p><a href=\"https:\/\/fadeweb.uncoma.edu.ar\/wp-content\/uploads\/2023\/03\/Capacitacion-Virtual.pdf\">Programa y Cronograma de cursadas<\/a><\/p>\n","protected":false},"excerpt":{"rendered":"<p>El dictado de la capacitaci\u00f3n comienza el 29 de marzo y finaliza el 31 de mayo, y tiene una duraci\u00f3n de 9 (nueve) semanas. Se compone de un M\u00f3dulo Introductorio, cinco m\u00f3dulos tem\u00e1ticos y un M\u00f3dulo Final. El cursado es de acceso gratuito. Los objetivos de la capacitaci\u00f3n son aportar la mirada local y regional; [&hellip;]<\/p>\n","protected":false},"author":3,"featured_media":14250,"comment_status":"closed","ping_status":"open","sticky":false,"template":"","format":"standard","meta":{"footnotes":""},"categories":[96,5,43],"tags":[],"class_list":["post-14249","post","type-post","status-publish","format-standard","has-post-thumbnail","hentry","category-escuela-de-capacitacion-judicial","category-notifadecs","category-promocion-defensa-derechos-humanos"],"_links":{"self":[{"href":"https:\/\/fadeweb.uncoma.edu.ar\/index.php\/wp-json\/wp\/v2\/posts\/14249","targetHints":{"allow":["GET"]}}],"collection":[{"href":"https:\/\/fadeweb.uncoma.edu.ar\/index.php\/wp-json\/wp\/v2\/posts"}],"about":[{"href":"https:\/\/fadeweb.uncoma.edu.ar\/index.php\/wp-json\/wp\/v2\/types\/post"}],"author":[{"embeddable":true,"href":"https:\/\/fadeweb.uncoma.edu.ar\/index.php\/wp-json\/wp\/v2\/users\/3"}],"replies":[{"embeddable":true,"href":"https:\/\/fadeweb.uncoma.edu.ar\/index.php\/wp-json\/wp\/v2\/comments?post=14249"}],"version-history":[{"count":2,"href":"https:\/\/fadeweb.uncoma.edu.ar\/index.php\/wp-json\/wp\/v2\/posts\/14249\/revisions"}],"predecessor-version":[{"id":14257,"href":"https:\/\/fadeweb.uncoma.edu.ar\/index.php\/wp-json\/wp\/v2\/posts\/14249\/revisions\/14257"}],"wp:featuredmedia":[{"embeddable":true,"href":"https:\/\/fadeweb.uncoma.edu.ar\/index.php\/wp-json\/wp\/v2\/media\/14250"}],"wp:attachment":[{"href":"https:\/\/fadeweb.uncoma.edu.ar\/index.php\/wp-json\/wp\/v2\/media?parent=14249"}],"wp:term":[{"taxonomy":"category","embeddable":true,"href":"https:\/\/fadeweb.uncoma.edu.ar\/index.php\/wp-json\/wp\/v2\/categories?post=14249"},{"taxonomy":"post_tag","embeddable":true,"href":"https:\/\/fadeweb.uncoma.edu.ar\/index.php\/wp-json\/wp\/v2\/tags?post=14249"}],"curies":[{"name":"wp","href":"https:\/\/api.w.org\/{rel}","templated":true}]}}