{"id":13714,"date":"2019-04-05T12:20:05","date_gmt":"2019-04-05T15:20:05","guid":{"rendered":"https:\/\/fadeweb.uncoma.edu.ar\/?p=13714"},"modified":"2023-02-14T12:20:37","modified_gmt":"2023-02-14T15:20:37","slug":"taller-de-intereses-y-aptitudes-para-personas-con-discapacidad","status":"publish","type":"post","link":"https:\/\/fadeweb.uncoma.edu.ar\/index.php\/2019\/04\/05\/taller-de-intereses-y-aptitudes-para-personas-con-discapacidad\/","title":{"rendered":"TALLER DE INTERESES Y APTITUDES PARA PERSONAS CON DISCAPACIDAD"},"content":{"rendered":"<p class=\"subt1\"><img fetchpriority=\"high\" decoding=\"async\" class=\"alignnone size-large wp-image-13715\" src=\"https:\/\/fadeweb.uncoma.edu.ar\/wp-content\/uploads\/2023\/02\/td2-1024x724.jpg\" alt=\"\" width=\"800\" height=\"566\" srcset=\"https:\/\/fadeweb.uncoma.edu.ar\/wp-content\/uploads\/2023\/02\/td2-1024x724.jpg 1024w, https:\/\/fadeweb.uncoma.edu.ar\/wp-content\/uploads\/2023\/02\/td2-300x212.jpg 300w, https:\/\/fadeweb.uncoma.edu.ar\/wp-content\/uploads\/2023\/02\/td2-768x543.jpg 768w, https:\/\/fadeweb.uncoma.edu.ar\/wp-content\/uploads\/2023\/02\/td2-1536x1087.jpg 1536w, https:\/\/fadeweb.uncoma.edu.ar\/wp-content\/uploads\/2023\/02\/td2.jpg 1750w\" sizes=\"(max-width: 800px) 100vw, 800px\" \/><\/p>\n<p class=\"texto\">El \u00c1rea de Accesibilidad de la Secretar\u00eda de Bienestar de la FADECS y la Asociaci\u00f3n Civil Grupo INCA en el marco del Programa GESTOS del Consejo Provincial para las Personas con discapacidad informa que el taller se dictar\u00e1 todos los martes y jueves de abril de 9 a 11 hs. en el aula 33 de la Facultad de Derecho y Ciencias Sociales. Es organizado y llevado a cabo por el \u00e1rea de Accesibilidad de la FADECS-UNCo y la Asociaci\u00f3n Civil Grupo Inca.<\/p>\n<p class=\"texto\">Mayor informaci\u00f3n: <a href=\"mailto:accesibilidad@fade.uncoma.edu.ar\">accesibilidad@fade.uncoma.edu.ar.<\/a><\/p>\n","protected":false},"excerpt":{"rendered":"<p>El \u00c1rea de Accesibilidad de la Secretar\u00eda de Bienestar de la FADECS y la Asociaci\u00f3n Civil Grupo INCA en el marco del Programa GESTOS del Consejo Provincial para las Personas con discapacidad informa que el taller se dictar\u00e1 todos los martes y jueves de abril de 9 a 11 hs. en el aula 33 de [&hellip;]<\/p>\n","protected":false},"author":2,"featured_media":13715,"comment_status":"open","ping_status":"open","sticky":false,"template":"","format":"standard","meta":{"footnotes":""},"categories":[12,5],"tags":[],"class_list":["post-13714","post","type-post","status-publish","format-standard","has-post-thumbnail","hentry","category-12","category-notifadecs"],"_links":{"self":[{"href":"https:\/\/fadeweb.uncoma.edu.ar\/index.php\/wp-json\/wp\/v2\/posts\/13714","targetHints":{"allow":["GET"]}}],"collection":[{"href":"https:\/\/fadeweb.uncoma.edu.ar\/index.php\/wp-json\/wp\/v2\/posts"}],"about":[{"href":"https:\/\/fadeweb.uncoma.edu.ar\/index.php\/wp-json\/wp\/v2\/types\/post"}],"author":[{"embeddable":true,"href":"https:\/\/fadeweb.uncoma.edu.ar\/index.php\/wp-json\/wp\/v2\/users\/2"}],"replies":[{"embeddable":true,"href":"https:\/\/fadeweb.uncoma.edu.ar\/index.php\/wp-json\/wp\/v2\/comments?post=13714"}],"version-history":[{"count":1,"href":"https:\/\/fadeweb.uncoma.edu.ar\/index.php\/wp-json\/wp\/v2\/posts\/13714\/revisions"}],"predecessor-version":[{"id":13716,"href":"https:\/\/fadeweb.uncoma.edu.ar\/index.php\/wp-json\/wp\/v2\/posts\/13714\/revisions\/13716"}],"wp:featuredmedia":[{"embeddable":true,"href":"https:\/\/fadeweb.uncoma.edu.ar\/index.php\/wp-json\/wp\/v2\/media\/13715"}],"wp:attachment":[{"href":"https:\/\/fadeweb.uncoma.edu.ar\/index.php\/wp-json\/wp\/v2\/media?parent=13714"}],"wp:term":[{"taxonomy":"category","embeddable":true,"href":"https:\/\/fadeweb.uncoma.edu.ar\/index.php\/wp-json\/wp\/v2\/categories?post=13714"},{"taxonomy":"post_tag","embeddable":true,"href":"https:\/\/fadeweb.uncoma.edu.ar\/index.php\/wp-json\/wp\/v2\/tags?post=13714"}],"curies":[{"name":"wp","href":"https:\/\/api.w.org\/{rel}","templated":true}]}}