{"id":13646,"date":"2023-02-06T11:28:53","date_gmt":"2023-02-06T14:28:53","guid":{"rendered":"https:\/\/fadeweb.uncoma.edu.ar\/?p=13646"},"modified":"2023-02-06T11:28:53","modified_gmt":"2023-02-06T14:28:53","slug":"carrera-de-posgrado-virtual-especializacion-en-derecho-procesal-civil","status":"publish","type":"post","link":"https:\/\/fadeweb.uncoma.edu.ar\/index.php\/2023\/02\/06\/carrera-de-posgrado-virtual-especializacion-en-derecho-procesal-civil\/","title":{"rendered":"Carrera de Posgrado Virtual: Especializaci\u00f3n en Derecho Procesal Civil"},"content":{"rendered":"<p><img fetchpriority=\"high\" decoding=\"async\" class=\"wp-image-13647 alignleft\" src=\"https:\/\/fadeweb.uncoma.edu.ar\/wp-content\/uploads\/2023\/02\/Derecho-Procesal-Civil-2023-1-1024x1024-1-300x300.png\" alt=\"\" width=\"600\" height=\"600\" srcset=\"https:\/\/fadeweb.uncoma.edu.ar\/wp-content\/uploads\/2023\/02\/Derecho-Procesal-Civil-2023-1-1024x1024-1-300x300.png 300w, https:\/\/fadeweb.uncoma.edu.ar\/wp-content\/uploads\/2023\/02\/Derecho-Procesal-Civil-2023-1-1024x1024-1-150x150.png 150w, https:\/\/fadeweb.uncoma.edu.ar\/wp-content\/uploads\/2023\/02\/Derecho-Procesal-Civil-2023-1-1024x1024-1-768x768.png 768w, https:\/\/fadeweb.uncoma.edu.ar\/wp-content\/uploads\/2023\/02\/Derecho-Procesal-Civil-2023-1-1024x1024-1.png 1024w\" sizes=\"(max-width: 600px) 100vw, 600px\" \/><\/p>\n<p><strong>Inscripciones abiertas<\/strong><\/p>\n<p><strong>Carrera de Posgrado Virtual: Especializaci\u00f3n en Derecho Procesal Civil<\/strong><\/p>\n<p>El Departamento de posgrado de la Facultad de Derecho y Ciencias Sociales \u2013 Universidad Nacional del Comahue \u2013 \u00a0informa que se encuentran abiertas las inscripciones para la Especializaci\u00f3n en Derecho Procesal Civil hasta el 10 de marzo de 2023 inclusive, cuya titulaci\u00f3n ser\u00e1 expedida por la Universidad de Buenos Aires (UBA).<\/p>\n<p>La carrera de especializaci\u00f3n en Derecho Procesal Civil se encuentra acreditada por la Comisi\u00f3n Nacional de Evaluaci\u00f3n y Acreditaci\u00f3n Universitaria (CONEAU) por\u00a0<a href=\"http:\/\/listas.uncoma.edu.ar\/lists\/lt.php?id=LB9TC1xUAExSBAINCktXAFVTAA\" target=\"_blank\" rel=\"noopener\">Resoluci\u00f3n N\u00ba 542\/16<\/a>\u00a0y posee reconocimiento oficial y validez nacional del t\u00edtulo, por\u00a0<a href=\"http:\/\/listas.uncoma.edu.ar\/lists\/lt.php?id=LB9TC1xUAUxSBAINCktXAFVTAA\" target=\"_blank\" rel=\"noopener\">Resoluci\u00f3n Ministerial N\u00ba 2864\/17<\/a>.<\/p>\n<p>Direcci\u00f3n: Dr. Osvaldo Alfredo Goza\u00edni. Coordinaci\u00f3n: Abog. Rodrigo Benitez.<\/p>\n<hr \/>\n<p>El equipo docente estar\u00e1 conformado por el plantel docente estable y docentes invitados:<\/p>\n<p><strong>Plantel docente estable<\/strong><\/p>\n<p>Amaya, Jorge Alejandro<\/p>\n<p>Basterra, Marcela I.<\/p>\n<p>Bielli, Gast\u00f3n<\/p>\n<p>Caeiro, Mar\u00eda Constanza,<\/p>\n<p>G\u00f6bel, Karin E.<\/p>\n<p>Jatip, Jimena<\/p>\n<p>Kielmanovich, Jorge L.<\/p>\n<p>Loianno, Adelina<\/p>\n<p>Loianno, Patricia<\/p>\n<p>L\u00f3pez Alfons\u00edn, Marcelo A.<\/p>\n<p>Maesa, Silvina Paola<\/p>\n<p>Mid\u00f3n, Marcelo S.<\/p>\n<p>Molina Quiroga, Eduardo<\/p>\n<p>Pulice, Silvana Olga<\/p>\n<p>Quadri, Gabriel Hern\u00e1n<\/p>\n<p>Rodriguez, Mar\u00eda Fabiola<\/p>\n<p>Rojas, Jorge A.<\/p>\n<p>Sabsay, Daniel A.<\/p>\n<p>Salgado, Jos\u00e9 Mar\u00eda<\/p>\n<p>Tanzi, Silvia Yolanda<\/p>\n<p>Torres Traba, Jos\u00e9 Mar\u00eda<\/p>\n<p>Verdaguer, Alejandro<\/p>\n<p>Wajntraub. Javier<\/p>\n<p>&nbsp;<\/p>\n<p>Invitados especiales<\/p>\n<p><strong>Invitados especiales del extranjero<\/strong><\/p>\n<p><em>En directo \u00a0\u00a0\u00a0\u00a0\u00a0\u00a0\u00a0\u00a0\u00a0\u00a0\u00a0\u00a0\u00a0\u00a0\u00a0\u00a0\u00a0\u00a0\u00a0\u00a0\u00a0\u00a0\u00a0\u00a0\u00a0\u00a0\u00a0\u00a0\u00a0\u00a0\u00a0\u00a0\u00a0\u00a0\u00a0\u00a0\u00a0\u00a0\u00a0\u00a0\u00a0\u00a0\u00a0\u00a0\u00a0\u00a0\u00a0\u00a0\u00a0\u00a0\u00a0\u00a0\u00a0\u00a0\u00a0\u00a0\u00a0\u00a0\u00a0\u00a0\u00a0\u00a0\u00a0\u00a0\u00a0\u00a0\u00a0\u00a0\u00a0\u00a0\u00a0\u00a0\u00a0\u00a0\u00a0\u00a0\u00a0\u00a0 Con videos grabados<\/em><\/p>\n<p>Carlos Ayala Corao (Venezuela)\u00a0\u00a0\u00a0\u00a0\u00a0\u00a0\u00a0\u00a0\u00a0\u00a0\u00a0\u00a0\u00a0\u00a0\u00a0\u00a0\u00a0\u00a0\u00a0\u00a0\u00a0\u00a0\u00a0\u00a0\u00a0\u00a0\u00a0\u00a0\u00a0\u00a0\u00a0 \u00a0\u00a0\u00a0\u00a0\u00a0\u00a0\u00a0 Luigi Ferrajoli (Italia)<\/p>\n<p>Gerardo Eto Cruz (Per\u00fa)\u00a0\u00a0\u00a0\u00a0\u00a0\u00a0\u00a0\u00a0\u00a0\u00a0\u00a0\u00a0\u00a0\u00a0\u00a0\u00a0\u00a0\u00a0\u00a0\u00a0\u00a0\u00a0\u00a0\u00a0\u00a0\u00a0\u00a0\u00a0\u00a0\u00a0\u00a0\u00a0\u00a0\u00a0\u00a0\u00a0\u00a0\u00a0\u00a0\u00a0\u00a0\u00a0\u00a0 \u00a0\u00a0\u00a0\u00a0\u00a0\u00a0\u00a0 Michele Taruffo (Italia)+<\/p>\n<p>Eduardo Ferrer Mac Gregor (M\u00e9xico) \u00a0\u00a0\u00a0\u00a0\u00a0\u00a0\u00a0\u00a0\u00a0\u00a0\u00a0\u00a0\u00a0\u00a0\u00a0\u00a0\u00a0\u00a0\u00a0\u00a0\u00a0\u00a0\u00a0\u00a0\u00a0\u00a0\u00a0\u00a0\u00a0 H\u00e9ctor Fix Zamudio (M\u00e9xico)+<\/p>\n<p>Sergio Garc\u00eda Ram\u00edrez (M\u00e9xico)\u00a0\u00a0\u00a0\u00a0 \u00a0\u00a0\u00a0\u00a0\u00a0\u00a0\u00a0\u00a0\u00a0\u00a0\u00a0\u00a0\u00a0\u00a0\u00a0\u00a0\u00a0\u00a0\u00a0\u00a0\u00a0\u00a0\u00a0\u00a0\u00a0\u00a0\u00a0\u00a0\u00a0\u00a0\u00a0\u00a0\u00a0Jairo Parra Quijano (Colombia)<\/p>\n<p>&nbsp;<\/p>\n<p>Nelson Ram\u00edrez Jim\u00e9nez (Per\u00fa)<\/p>\n<p>Isa\u00edas Rivera Rodr\u00edguez (M\u00e9xico)<\/p>\n<p>Manuel Riera Dom\u00ednguez (Paraguay)<\/p>\n<p>Pablo Dar\u00edo Villalba Bernie (Paraguay)<\/p>\n<p>&nbsp;<\/p>\n<p>La cohorte de la especializaci\u00f3n que se dicta en FADECS-UNCo posee la participaci\u00f3n de docentes locales que brindan un enfoque regional (jurisprudencial y doctrinario), de forma adicional a la formaci\u00f3n general de la carrera.<\/p>\n<hr \/>\n<p><strong>Destinatarios:<\/strong>\u00a0Abogados y abogadas.<\/p>\n<p><strong>Cursado:<\/strong>\u00a0Inicia el 5 de abril de 2.023 y finaliza el 6 de diciembre de 2.023.<\/p>\n<p><a href=\"http:\/\/listas.uncoma.edu.ar\/lists\/lt.php?id=LB9TDVxVDExSBAINCktXAFVTAA\" target=\"_blank\" rel=\"noopener\">Visualizar CRONOGRAMA DE CURSADO de la carrera.<\/a><\/p>\n<p><strong>Procedimiento de inscripci\u00f3n:<\/strong>\u00a0Completar el\u00a0<a href=\"http:\/\/listas.uncoma.edu.ar\/lists\/lt.php?id=LB9TDVxVDUxSBAINCktXAFVTAA\" target=\"_blank\" rel=\"noopener\">FORMULARIO<\/a>\u00a0de inscripci\u00f3n ONLINE y adjuntar al mismo la CONSTANCIA DE PAGO de la primera cuota ($41.000), previamente escaneada en formato PDF.<\/p>\n<hr \/>\n<p><strong>Costo:<\/strong>\u00a0\u00a0$410.000, a abonarse en 10 cuotas mensuales y consecutivas de $41.000.\u00a0Descuentos*:<\/p>\n<ol>\n<li>a) Novel abogado\/a (cuya titulaci\u00f3n sea de hasta 4 a\u00f1os de antig\u00fcedad, a contar desde la fecha de entrega del t\u00edtulo): 10% de descuento. V\u00e1lido para graduados\/as de todas las universidades.<\/li>\n<li>b) Graduados\/as de FADECS-UNComa: 10% de descuento.<\/li>\n<\/ol>\n<p>* Los descuentos NO son acumulables.<\/p>\n<p><strong>Medios de pago habilitados:<\/strong><\/p>\n<ul>\n<li>Transferencias a la Cuenta Corriente\u00a0<strong>CBU 19102380 55023800069796 \u2013 BANCO CREDICOOP SUC. GENERAL ROCA \u2013 CUIT: 30-58676219-9 CTA. 238\/697\/9<\/strong><\/li>\n<li>Tarjetas de d\u00e9bito<\/li>\n<li>D\u00e9bito autom\u00e1tico<\/li>\n<li>Rapipago \/ Pago F\u00e1cil<\/li>\n<\/ul>\n<p>Consultas administrativo \u2013 contables:\u00a0<a href=\"mailto:andreachafrat@live.com.ar\">andreachafrat@live.com.ar<\/a><\/p>\n<hr \/>\n<p>Cupo m\u00ednimo: La cohorte se realizar\u00e1 si se alcanza un cupo m\u00ednimo de 25 inscriptos\/as.<\/p>\n<p>Modalidad de dictado: El curso es dictado enteramente virtual, con excepci\u00f3n de ciertas clases que son dictadas de forma h\u00edbrida o presencial en la Facultad de Derecho y Ciencias Sociales de la Universidad Nacional del Comahue.<\/p>\n<p>Las inscripciones a esta carrera se encuentran abiertas para profesionales de la Patagonia Argentina exclusivamente (provincias de Neuqu\u00e9n, R\u00edo Negro, Chubut, Santa Cruz, Tierra del Fuego).<\/p>\n<p>Consultas sobre inscripciones:<\/p>\n<p>WhatsApp:\u00a0<a href=\"http:\/\/listas.uncoma.edu.ar\/lists\/lt.php?id=LB9XAFJWRAFQAA0HRAZUBlRf\" target=\"_blank\" rel=\"noopener\">+5492984668243<\/a><\/p>\n<p>E-mail:\u00a0<a href=\"mailto:academica.posgrado@fade.uncoma.edu.ar\">academica.posgrado@fade.uncoma.edu.ar<\/a><\/p>\n<p><a href=\"https:\/\/l.facebook.com\/l.php?u=http%3A%2F%2Fposgradofadecs.uncoma.edu.ar%2F%3Ffbclid%3DIwAR0VnjwOk0R2AOWFZMflylUhpAy0LYdSAryBQCR2fI6-gNOo-ZNTZ5Xrv3Y&amp;h=AT2pLAuDGeCGmcmDQt4yaLlDt3c5rBXaPA4y0LVZ6XywSyvrkBCdTfxdxUvhOINjzdQD1TT1K-IMXEE2wSx82FobEN8PSz4s1LBKKVP0-G_8NnZHrQaka3tqcrK34ptGwK-G&amp;__tn__=-UK-R&amp;c%5B0%5D=AT0MNRofu_5sJEZ2SuU6vbCaaNkasGFwVKaYCvB4VTaDk9ryolA3jqbLNinQwb8s9xr6LVWuda00e4wODpEFuWiFW0eiw4ChyygahMKwMwzUGsN3i-_nlP-LVkPn5WtzkOWm_u1_miKtKPgIKbRFRf2-QCzY6MHcQL5yeetGkQteyyQOaiOUB-ZayY6AhRIwlt_hUqXR\" target=\"_blank\" rel=\"noopener\">http:\/\/posgradofadecs.uncoma.edu.ar\/<\/a><\/p>\n","protected":false},"excerpt":{"rendered":"<p>Inscripciones abiertas Carrera de Posgrado Virtual: Especializaci\u00f3n en Derecho Procesal Civil El Departamento de posgrado de la Facultad de Derecho y Ciencias Sociales \u2013 Universidad Nacional del Comahue \u2013 \u00a0informa que se encuentran abiertas las inscripciones para la Especializaci\u00f3n en Derecho Procesal Civil hasta el 10 de marzo de 2023 inclusive, cuya titulaci\u00f3n ser\u00e1 expedida [&hellip;]<\/p>\n","protected":false},"author":3,"featured_media":13647,"comment_status":"open","ping_status":"open","sticky":false,"template":"","format":"standard","meta":{"footnotes":""},"categories":[5,78],"tags":[],"class_list":["post-13646","post","type-post","status-publish","format-standard","has-post-thumbnail","hentry","category-notifadecs","category-posgrado"],"_links":{"self":[{"href":"https:\/\/fadeweb.uncoma.edu.ar\/index.php\/wp-json\/wp\/v2\/posts\/13646","targetHints":{"allow":["GET"]}}],"collection":[{"href":"https:\/\/fadeweb.uncoma.edu.ar\/index.php\/wp-json\/wp\/v2\/posts"}],"about":[{"href":"https:\/\/fadeweb.uncoma.edu.ar\/index.php\/wp-json\/wp\/v2\/types\/post"}],"author":[{"embeddable":true,"href":"https:\/\/fadeweb.uncoma.edu.ar\/index.php\/wp-json\/wp\/v2\/users\/3"}],"replies":[{"embeddable":true,"href":"https:\/\/fadeweb.uncoma.edu.ar\/index.php\/wp-json\/wp\/v2\/comments?post=13646"}],"version-history":[{"count":1,"href":"https:\/\/fadeweb.uncoma.edu.ar\/index.php\/wp-json\/wp\/v2\/posts\/13646\/revisions"}],"predecessor-version":[{"id":13648,"href":"https:\/\/fadeweb.uncoma.edu.ar\/index.php\/wp-json\/wp\/v2\/posts\/13646\/revisions\/13648"}],"wp:featuredmedia":[{"embeddable":true,"href":"https:\/\/fadeweb.uncoma.edu.ar\/index.php\/wp-json\/wp\/v2\/media\/13647"}],"wp:attachment":[{"href":"https:\/\/fadeweb.uncoma.edu.ar\/index.php\/wp-json\/wp\/v2\/media?parent=13646"}],"wp:term":[{"taxonomy":"category","embeddable":true,"href":"https:\/\/fadeweb.uncoma.edu.ar\/index.php\/wp-json\/wp\/v2\/categories?post=13646"},{"taxonomy":"post_tag","embeddable":true,"href":"https:\/\/fadeweb.uncoma.edu.ar\/index.php\/wp-json\/wp\/v2\/tags?post=13646"}],"curies":[{"name":"wp","href":"https:\/\/api.w.org\/{rel}","templated":true}]}}