{"id":13590,"date":"2019-04-08T12:41:59","date_gmt":"2019-04-08T15:41:59","guid":{"rendered":"https:\/\/fadeweb.uncoma.edu.ar\/?p=13590"},"modified":"2022-12-27T12:42:38","modified_gmt":"2022-12-27T15:42:38","slug":"taller-de-tecnicas-de-estudio-para-estudiantes-de-la-fadecs-6","status":"publish","type":"post","link":"https:\/\/fadeweb.uncoma.edu.ar\/index.php\/2019\/04\/08\/taller-de-tecnicas-de-estudio-para-estudiantes-de-la-fadecs-6\/","title":{"rendered":"TALLER DE T\u00c9CNICAS DE ESTUDIO PARA ESTUDIANTES DE LA FADECS"},"content":{"rendered":"<p class=\"subt1\"><img fetchpriority=\"high\" decoding=\"async\" class=\"alignnone size-large wp-image-13537\" src=\"https:\/\/fadeweb.uncoma.edu.ar\/wp-content\/uploads\/2022\/12\/ttde2-1024x683.jpg\" alt=\"\" width=\"800\" height=\"534\" srcset=\"https:\/\/fadeweb.uncoma.edu.ar\/wp-content\/uploads\/2022\/12\/ttde2-1024x683.jpg 1024w, https:\/\/fadeweb.uncoma.edu.ar\/wp-content\/uploads\/2022\/12\/ttde2-300x200.jpg 300w, https:\/\/fadeweb.uncoma.edu.ar\/wp-content\/uploads\/2022\/12\/ttde2-768x512.jpg 768w, https:\/\/fadeweb.uncoma.edu.ar\/wp-content\/uploads\/2022\/12\/ttde2-1536x1024.jpg 1536w, https:\/\/fadeweb.uncoma.edu.ar\/wp-content\/uploads\/2022\/12\/ttde2-2048x1365.jpg 2048w\" sizes=\"(max-width: 800px) 100vw, 800px\" \/><\/p>\n<p><span class=\"texto\">La Facultad de Derecho y Ciencias Sociales informa que se han dispuesto las fechas para la realizaci\u00f3n del Taller de T\u00e9cnicas de Estudio previsto para el primer cuatrimestre. Iniciar\u00e1 el d\u00eda 23 de abril, de 14 a 16 horas en el aula 31.<\/span><\/p>\n<p class=\"texto\">El Taller contar\u00e1 con cuatro encuentros de dos horas, y se desarrollar\u00e1 los martes 23 y 30 de abril, y 7 y 14 de mayo.<\/p>\n<p class=\"texto\">En el mismo se abordar\u00e1n las condiciones y destrezas que intervienen en la tarea de estudiar, la motivaci\u00f3n, autoestima, toma de decisiones, autoconciencia y autoconocimiento de los estudiantes, tomar conciencia de los problemas que cada uno pueda tener al momento de enfrentarse con la situaci\u00f3n de estudio, aprender t\u00e9cnicas de relajaci\u00f3n y de preparaci\u00f3n para enfrentar instancias de evaluaci\u00f3n. Adem\u00e1s se presentar\u00e1n m\u00e9todos y t\u00e9cnicas de estudio para el procesamiento de textos cient\u00edfico-acad\u00e9micos y bibliograf\u00eda universitaria.<\/p>\n<p class=\"texto\">El Taller es organizado en forma conjunta por Secretar\u00eda Acad\u00e9mica y Secretar\u00eda de Bienestar Estudiantil de la FADECS.<\/p>\n","protected":false},"excerpt":{"rendered":"<p>La Facultad de Derecho y Ciencias Sociales informa que se han dispuesto las fechas para la realizaci\u00f3n del Taller de T\u00e9cnicas de Estudio previsto para el primer cuatrimestre. Iniciar\u00e1 el d\u00eda 23 de abril, de 14 a 16 horas en el aula 31. El Taller contar\u00e1 con cuatro encuentros de dos horas, y se desarrollar\u00e1 [&hellip;]<\/p>\n","protected":false},"author":2,"featured_media":13537,"comment_status":"open","ping_status":"open","sticky":false,"template":"","format":"standard","meta":{"footnotes":""},"categories":[12,5],"tags":[],"class_list":["post-13590","post","type-post","status-publish","format-standard","has-post-thumbnail","hentry","category-12","category-notifadecs"],"_links":{"self":[{"href":"https:\/\/fadeweb.uncoma.edu.ar\/index.php\/wp-json\/wp\/v2\/posts\/13590","targetHints":{"allow":["GET"]}}],"collection":[{"href":"https:\/\/fadeweb.uncoma.edu.ar\/index.php\/wp-json\/wp\/v2\/posts"}],"about":[{"href":"https:\/\/fadeweb.uncoma.edu.ar\/index.php\/wp-json\/wp\/v2\/types\/post"}],"author":[{"embeddable":true,"href":"https:\/\/fadeweb.uncoma.edu.ar\/index.php\/wp-json\/wp\/v2\/users\/2"}],"replies":[{"embeddable":true,"href":"https:\/\/fadeweb.uncoma.edu.ar\/index.php\/wp-json\/wp\/v2\/comments?post=13590"}],"version-history":[{"count":1,"href":"https:\/\/fadeweb.uncoma.edu.ar\/index.php\/wp-json\/wp\/v2\/posts\/13590\/revisions"}],"predecessor-version":[{"id":13591,"href":"https:\/\/fadeweb.uncoma.edu.ar\/index.php\/wp-json\/wp\/v2\/posts\/13590\/revisions\/13591"}],"wp:featuredmedia":[{"embeddable":true,"href":"https:\/\/fadeweb.uncoma.edu.ar\/index.php\/wp-json\/wp\/v2\/media\/13537"}],"wp:attachment":[{"href":"https:\/\/fadeweb.uncoma.edu.ar\/index.php\/wp-json\/wp\/v2\/media?parent=13590"}],"wp:term":[{"taxonomy":"category","embeddable":true,"href":"https:\/\/fadeweb.uncoma.edu.ar\/index.php\/wp-json\/wp\/v2\/categories?post=13590"},{"taxonomy":"post_tag","embeddable":true,"href":"https:\/\/fadeweb.uncoma.edu.ar\/index.php\/wp-json\/wp\/v2\/tags?post=13590"}],"curies":[{"name":"wp","href":"https:\/\/api.w.org\/{rel}","templated":true}]}}