{"id":13531,"date":"2019-04-15T08:35:54","date_gmt":"2019-04-15T11:35:54","guid":{"rendered":"https:\/\/fadeweb.uncoma.edu.ar\/?p=13531"},"modified":"2022-12-27T08:36:23","modified_gmt":"2022-12-27T11:36:23","slug":"baldosas-por-la-memoria-en-homenaje-a-susana-mujica-y-ricardo-raby","status":"publish","type":"post","link":"https:\/\/fadeweb.uncoma.edu.ar\/index.php\/2019\/04\/15\/baldosas-por-la-memoria-en-homenaje-a-susana-mujica-y-ricardo-raby\/","title":{"rendered":"BALDOSAS POR LA MEMORIA EN HOMENAJE A SUSANA MUJICA Y RICARDO RABY"},"content":{"rendered":"<p class=\"subt1\"><img fetchpriority=\"high\" decoding=\"async\" class=\"alignnone size-full wp-image-13532\" src=\"https:\/\/fadeweb.uncoma.edu.ar\/wp-content\/uploads\/2022\/12\/2-bplm-2.jpg\" alt=\"\" width=\"800\" height=\"565\" srcset=\"https:\/\/fadeweb.uncoma.edu.ar\/wp-content\/uploads\/2022\/12\/2-bplm-2.jpg 800w, https:\/\/fadeweb.uncoma.edu.ar\/wp-content\/uploads\/2022\/12\/2-bplm-2-300x212.jpg 300w, https:\/\/fadeweb.uncoma.edu.ar\/wp-content\/uploads\/2022\/12\/2-bplm-2-768x542.jpg 768w\" sizes=\"(max-width: 800px) 100vw, 800px\" \/><\/p>\n<p class=\"texto\">Se realiz\u00f3 esta ma\u00f1ana el homenaje a Susana Mujica y Ricardo \u00abPanchito\u00bb Raby, detenidos desparecidos en los a\u00f1os de la dictadura c\u00edvico militar de 1976, con la colocaci\u00f3n de las \u00abBaldosas por la Memoria\u00bb en el Colegio San Mart\u00edn, en Avenida Argentina 935 de la ciudad de Neuqu\u00e9n, del que fueron alumnos.<\/p>\n<p class=\"texto\">El acto cont\u00f3 con la presencia del rector de la Universidad Nacional del Comahue Gustavo Crisafulli, familiares y amigos de Susana y Ricardo, docentes y Nodocentes de nuestra Universidad, integrantes de la filial Neuqu\u00e9n de Madres de Plaza de Mayo, y vecinos. El recuerdo de los a\u00f1os de militancia y un sentido homenaje a los compa\u00f1eros desaparecidos, bajo la consigna de Memoria, Verdad y Justicia domin\u00f3 cada una de las intervenciones.<\/p>\n","protected":false},"excerpt":{"rendered":"<p>Se realiz\u00f3 esta ma\u00f1ana el homenaje a Susana Mujica y Ricardo \u00abPanchito\u00bb Raby, detenidos desparecidos en los a\u00f1os de la dictadura c\u00edvico militar de 1976, con la colocaci\u00f3n de las \u00abBaldosas por la Memoria\u00bb en el Colegio San Mart\u00edn, en Avenida Argentina 935 de la ciudad de Neuqu\u00e9n, del que fueron alumnos. El acto cont\u00f3 [&hellip;]<\/p>\n","protected":false},"author":2,"featured_media":13532,"comment_status":"open","ping_status":"open","sticky":false,"template":"","format":"standard","meta":{"footnotes":""},"categories":[12,5],"tags":[],"class_list":["post-13531","post","type-post","status-publish","format-standard","has-post-thumbnail","hentry","category-12","category-notifadecs"],"_links":{"self":[{"href":"https:\/\/fadeweb.uncoma.edu.ar\/index.php\/wp-json\/wp\/v2\/posts\/13531","targetHints":{"allow":["GET"]}}],"collection":[{"href":"https:\/\/fadeweb.uncoma.edu.ar\/index.php\/wp-json\/wp\/v2\/posts"}],"about":[{"href":"https:\/\/fadeweb.uncoma.edu.ar\/index.php\/wp-json\/wp\/v2\/types\/post"}],"author":[{"embeddable":true,"href":"https:\/\/fadeweb.uncoma.edu.ar\/index.php\/wp-json\/wp\/v2\/users\/2"}],"replies":[{"embeddable":true,"href":"https:\/\/fadeweb.uncoma.edu.ar\/index.php\/wp-json\/wp\/v2\/comments?post=13531"}],"version-history":[{"count":1,"href":"https:\/\/fadeweb.uncoma.edu.ar\/index.php\/wp-json\/wp\/v2\/posts\/13531\/revisions"}],"predecessor-version":[{"id":13533,"href":"https:\/\/fadeweb.uncoma.edu.ar\/index.php\/wp-json\/wp\/v2\/posts\/13531\/revisions\/13533"}],"wp:featuredmedia":[{"embeddable":true,"href":"https:\/\/fadeweb.uncoma.edu.ar\/index.php\/wp-json\/wp\/v2\/media\/13532"}],"wp:attachment":[{"href":"https:\/\/fadeweb.uncoma.edu.ar\/index.php\/wp-json\/wp\/v2\/media?parent=13531"}],"wp:term":[{"taxonomy":"category","embeddable":true,"href":"https:\/\/fadeweb.uncoma.edu.ar\/index.php\/wp-json\/wp\/v2\/categories?post=13531"},{"taxonomy":"post_tag","embeddable":true,"href":"https:\/\/fadeweb.uncoma.edu.ar\/index.php\/wp-json\/wp\/v2\/tags?post=13531"}],"curies":[{"name":"wp","href":"https:\/\/api.w.org\/{rel}","templated":true}]}}