{"id":13465,"date":"2022-12-26T11:28:55","date_gmt":"2022-12-26T14:28:55","guid":{"rendered":"https:\/\/fadeweb.uncoma.edu.ar\/?p=13465"},"modified":"2022-12-26T13:01:11","modified_gmt":"2022-12-26T16:01:11","slug":"eleccion-de-las-nuevas-autoridades-del-departamento-de-derecho-publico","status":"publish","type":"post","link":"https:\/\/fadeweb.uncoma.edu.ar\/index.php\/2022\/12\/26\/eleccion-de-las-nuevas-autoridades-del-departamento-de-derecho-publico\/","title":{"rendered":"ELECCI\u00d3N DE LAS NUEVAS AUTORIDADES DEL DEPARTAMENTO DE DERECHO PUBLICO"},"content":{"rendered":"<p><img fetchpriority=\"high\" decoding=\"async\" class=\"alignnone wp-image-13466 alignleft\" src=\"https:\/\/fadeweb.uncoma.edu.ar\/wp-content\/uploads\/2022\/12\/Ambroggio-Urra-281x300.jpeg\" alt=\"\" width=\"562\" height=\"600\" srcset=\"https:\/\/fadeweb.uncoma.edu.ar\/wp-content\/uploads\/2022\/12\/Ambroggio-Urra-281x300.jpeg 281w, https:\/\/fadeweb.uncoma.edu.ar\/wp-content\/uploads\/2022\/12\/Ambroggio-Urra-768x820.jpeg 768w, https:\/\/fadeweb.uncoma.edu.ar\/wp-content\/uploads\/2022\/12\/Ambroggio-Urra.jpeg 959w\" sizes=\"(max-width: 562px) 100vw, 562px\" \/><\/p>\n<p style=\"text-align: left;\">La reuni\u00f3n de Departamento de Derecho Publico se realiz\u00f3 el lunes 19 de diciembre, con la presencia de 27 docentes. En la misma, fue elegido como Director de Departamento el profesor Federico Ambroggio, y Vicedirector, el profesor Pedro Urra. El mandato es por los pr\u00f3ximos dos a\u00f1os, 2023-2024.<\/p>\n<p style=\"text-align: left;\">En la reuni\u00f3n, se agradeci\u00f3 al Director saliente, Alberto Balladini, por su trabajo y compromiso, dese\u00e1ndole \u00e9xitos en su nuevo rol como Director de la Carrera de Abogac\u00eda.<\/p>\n","protected":false},"excerpt":{"rendered":"<p>La reuni\u00f3n de Departamento de Derecho Publico se realiz\u00f3 el lunes 19 de diciembre, con la presencia de 27 docentes. En la misma, fue elegido como Director de Departamento el profesor Federico Ambroggio, y Vicedirector, el profesor Pedro Urra. El mandato es por los pr\u00f3ximos dos a\u00f1os, 2023-2024. En la reuni\u00f3n, se agradeci\u00f3 al Director [&hellip;]<\/p>\n","protected":false},"author":3,"featured_media":13466,"comment_status":"open","ping_status":"open","sticky":false,"template":"","format":"standard","meta":{"footnotes":""},"categories":[85,52,5],"tags":[],"class_list":["post-13465","post","type-post","status-publish","format-standard","has-post-thumbnail","hentry","category-abogacia","category-academica","category-notifadecs"],"_links":{"self":[{"href":"https:\/\/fadeweb.uncoma.edu.ar\/index.php\/wp-json\/wp\/v2\/posts\/13465","targetHints":{"allow":["GET"]}}],"collection":[{"href":"https:\/\/fadeweb.uncoma.edu.ar\/index.php\/wp-json\/wp\/v2\/posts"}],"about":[{"href":"https:\/\/fadeweb.uncoma.edu.ar\/index.php\/wp-json\/wp\/v2\/types\/post"}],"author":[{"embeddable":true,"href":"https:\/\/fadeweb.uncoma.edu.ar\/index.php\/wp-json\/wp\/v2\/users\/3"}],"replies":[{"embeddable":true,"href":"https:\/\/fadeweb.uncoma.edu.ar\/index.php\/wp-json\/wp\/v2\/comments?post=13465"}],"version-history":[{"count":1,"href":"https:\/\/fadeweb.uncoma.edu.ar\/index.php\/wp-json\/wp\/v2\/posts\/13465\/revisions"}],"predecessor-version":[{"id":13467,"href":"https:\/\/fadeweb.uncoma.edu.ar\/index.php\/wp-json\/wp\/v2\/posts\/13465\/revisions\/13467"}],"wp:featuredmedia":[{"embeddable":true,"href":"https:\/\/fadeweb.uncoma.edu.ar\/index.php\/wp-json\/wp\/v2\/media\/13466"}],"wp:attachment":[{"href":"https:\/\/fadeweb.uncoma.edu.ar\/index.php\/wp-json\/wp\/v2\/media?parent=13465"}],"wp:term":[{"taxonomy":"category","embeddable":true,"href":"https:\/\/fadeweb.uncoma.edu.ar\/index.php\/wp-json\/wp\/v2\/categories?post=13465"},{"taxonomy":"post_tag","embeddable":true,"href":"https:\/\/fadeweb.uncoma.edu.ar\/index.php\/wp-json\/wp\/v2\/tags?post=13465"}],"curies":[{"name":"wp","href":"https:\/\/api.w.org\/{rel}","templated":true}]}}