{"id":13265,"date":"2019-05-13T12:04:59","date_gmt":"2019-05-13T15:04:59","guid":{"rendered":"https:\/\/fadeweb.uncoma.edu.ar\/?p=13265"},"modified":"2022-12-22T12:06:10","modified_gmt":"2022-12-22T15:06:10","slug":"tercer-encuentro-del-taller-de-tecnicas-de-estudio","status":"publish","type":"post","link":"https:\/\/fadeweb.uncoma.edu.ar\/index.php\/2019\/05\/13\/tercer-encuentro-del-taller-de-tecnicas-de-estudio\/","title":{"rendered":"TERCER ENCUENTRO DEL TALLER DE T\u00c9CNICAS DE ESTUDIO"},"content":{"rendered":"<p class=\"subt1\">\n<p><img fetchpriority=\"high\" decoding=\"async\" class=\"alignnone size-full wp-image-13266\" src=\"https:\/\/fadeweb.uncoma.edu.ar\/wp-content\/uploads\/2022\/12\/ttde3.jpg\" alt=\"\" width=\"800\" height=\"533\" srcset=\"https:\/\/fadeweb.uncoma.edu.ar\/wp-content\/uploads\/2022\/12\/ttde3.jpg 800w, https:\/\/fadeweb.uncoma.edu.ar\/wp-content\/uploads\/2022\/12\/ttde3-300x200.jpg 300w, https:\/\/fadeweb.uncoma.edu.ar\/wp-content\/uploads\/2022\/12\/ttde3-768x512.jpg 768w\" sizes=\"(max-width: 800px) 100vw, 800px\" \/><\/p>\n<p class=\"texto\">La Secretar\u00eda Acad\u00e9mica de la FADECS informa que este martes 14 de mayo a las 12 horas, en aula 34, se realizar\u00e1 el tercer encuentro del taller de T\u00e9cnicas de Estudio, con la coordinaci\u00f3n de Rita Bustos y Fernando Lanza, del \u00e1rea de Orientaci\u00f3n Acad\u00e9mica.<\/p>\n<p class=\"texto\">Las Secretar\u00edas Acad\u00e9mica y de Bienestar recuerdan que este Taller est\u00e1 destinado a estudiantes de todas las carreras que se dictan en la FADECS-FADEL, especialmente a los y las ingresantes. Los interesados pueden acercarse al encuentro con puntualidad.<\/p>\n","protected":false},"excerpt":{"rendered":"<p>La Secretar\u00eda Acad\u00e9mica de la FADECS informa que este martes 14 de mayo a las 12 horas, en aula 34, se realizar\u00e1 el tercer encuentro del taller de T\u00e9cnicas de Estudio, con la coordinaci\u00f3n de Rita Bustos y Fernando Lanza, del \u00e1rea de Orientaci\u00f3n Acad\u00e9mica. Las Secretar\u00edas Acad\u00e9mica y de Bienestar recuerdan que este Taller [&hellip;]<\/p>\n","protected":false},"author":2,"featured_media":13266,"comment_status":"open","ping_status":"open","sticky":false,"template":"","format":"standard","meta":{"footnotes":""},"categories":[12,5],"tags":[],"class_list":["post-13265","post","type-post","status-publish","format-standard","has-post-thumbnail","hentry","category-12","category-notifadecs"],"_links":{"self":[{"href":"https:\/\/fadeweb.uncoma.edu.ar\/index.php\/wp-json\/wp\/v2\/posts\/13265","targetHints":{"allow":["GET"]}}],"collection":[{"href":"https:\/\/fadeweb.uncoma.edu.ar\/index.php\/wp-json\/wp\/v2\/posts"}],"about":[{"href":"https:\/\/fadeweb.uncoma.edu.ar\/index.php\/wp-json\/wp\/v2\/types\/post"}],"author":[{"embeddable":true,"href":"https:\/\/fadeweb.uncoma.edu.ar\/index.php\/wp-json\/wp\/v2\/users\/2"}],"replies":[{"embeddable":true,"href":"https:\/\/fadeweb.uncoma.edu.ar\/index.php\/wp-json\/wp\/v2\/comments?post=13265"}],"version-history":[{"count":1,"href":"https:\/\/fadeweb.uncoma.edu.ar\/index.php\/wp-json\/wp\/v2\/posts\/13265\/revisions"}],"predecessor-version":[{"id":13267,"href":"https:\/\/fadeweb.uncoma.edu.ar\/index.php\/wp-json\/wp\/v2\/posts\/13265\/revisions\/13267"}],"wp:featuredmedia":[{"embeddable":true,"href":"https:\/\/fadeweb.uncoma.edu.ar\/index.php\/wp-json\/wp\/v2\/media\/13266"}],"wp:attachment":[{"href":"https:\/\/fadeweb.uncoma.edu.ar\/index.php\/wp-json\/wp\/v2\/media?parent=13265"}],"wp:term":[{"taxonomy":"category","embeddable":true,"href":"https:\/\/fadeweb.uncoma.edu.ar\/index.php\/wp-json\/wp\/v2\/categories?post=13265"},{"taxonomy":"post_tag","embeddable":true,"href":"https:\/\/fadeweb.uncoma.edu.ar\/index.php\/wp-json\/wp\/v2\/tags?post=13265"}],"curies":[{"name":"wp","href":"https:\/\/api.w.org\/{rel}","templated":true}]}}