{"id":13126,"date":"2019-05-22T13:41:33","date_gmt":"2019-05-22T16:41:33","guid":{"rendered":"https:\/\/fadeweb.uncoma.edu.ar\/?p=13126"},"modified":"2022-12-21T13:42:02","modified_gmt":"2022-12-21T16:42:02","slug":"convocatoria-para-estudiantes-de-comunicacion-social-2","status":"publish","type":"post","link":"https:\/\/fadeweb.uncoma.edu.ar\/index.php\/2019\/05\/22\/convocatoria-para-estudiantes-de-comunicacion-social-2\/","title":{"rendered":"CONVOCATORIA PARA ESTUDIANTES DE COMUNICACI\u00d3N SOCIAL"},"content":{"rendered":"<p class=\"subt1\"><img fetchpriority=\"high\" decoding=\"async\" class=\"alignnone size-full wp-image-7469\" src=\"https:\/\/fadeweb.uncoma.edu.ar\/wp-content\/uploads\/2022\/10\/extension800.jpg\" alt=\"\" width=\"800\" height=\"222\" srcset=\"https:\/\/fadeweb.uncoma.edu.ar\/wp-content\/uploads\/2022\/10\/extension800.jpg 800w, https:\/\/fadeweb.uncoma.edu.ar\/wp-content\/uploads\/2022\/10\/extension800-300x83.jpg 300w, https:\/\/fadeweb.uncoma.edu.ar\/wp-content\/uploads\/2022\/10\/extension800-768x213.jpg 768w\" sizes=\"(max-width: 800px) 100vw, 800px\" \/><\/p>\n<p class=\"texto\">La Secretar\u00eda de Extensi\u00f3n de la FADECS informa a los estudiantes de la carrera Licenciatura en Comunicaci\u00f3n Social que est\u00e1 abierta convocatoria para estudiantes que cursen de tercer a\u00f1o en adelante, para ser moderadores de un <strong>debate de candidatos a intendente que se realizar\u00e1 el 10 de junio<\/strong> de 2019 en la sede de la C\u00e1mara de Agricultura, Industria y Comercio de General Roca.<\/p>\n<p class=\"texto\">Los requisitos son presentar constancia de alumno regular y rendimiento acad\u00e9mico. El llamado va a dar preferencia a quienes ya hayan hecho de moderadores en alguna otra ocasi\u00f3n.<\/p>\n<p class=\"texto\"><strong>La convocatoria estar\u00e1 abierta desde este martes 21 al viernes 24 de mayo<\/strong>, en horario de 8 a 18 hs, debiendo presentarse en la Secretar\u00eda de Extensi\u00f3n de la FADECS, en Mendoza y Per\u00fa de General Roca.<\/p>\n<p class=\"texto\">Para consultas: Secretar\u00eda de Extensi\u00f3n y Asuntos Estudiantiles, de 8 a 18 hs, o al Correo <a href=\"mailto:inscripciones.extensionfadecs@gmail.com\">inscripciones.extensionfadecs@gmail.com<\/a>, el tel\u00e9fono de contacto es 298 4690225.<\/p>\n","protected":false},"excerpt":{"rendered":"<p>La Secretar\u00eda de Extensi\u00f3n de la FADECS informa a los estudiantes de la carrera Licenciatura en Comunicaci\u00f3n Social que est\u00e1 abierta convocatoria para estudiantes que cursen de tercer a\u00f1o en adelante, para ser moderadores de un debate de candidatos a intendente que se realizar\u00e1 el 10 de junio de 2019 en la sede de la [&hellip;]<\/p>\n","protected":false},"author":2,"featured_media":7469,"comment_status":"open","ping_status":"open","sticky":false,"template":"","format":"standard","meta":{"footnotes":""},"categories":[12,5],"tags":[],"class_list":["post-13126","post","type-post","status-publish","format-standard","has-post-thumbnail","hentry","category-12","category-notifadecs"],"_links":{"self":[{"href":"https:\/\/fadeweb.uncoma.edu.ar\/index.php\/wp-json\/wp\/v2\/posts\/13126","targetHints":{"allow":["GET"]}}],"collection":[{"href":"https:\/\/fadeweb.uncoma.edu.ar\/index.php\/wp-json\/wp\/v2\/posts"}],"about":[{"href":"https:\/\/fadeweb.uncoma.edu.ar\/index.php\/wp-json\/wp\/v2\/types\/post"}],"author":[{"embeddable":true,"href":"https:\/\/fadeweb.uncoma.edu.ar\/index.php\/wp-json\/wp\/v2\/users\/2"}],"replies":[{"embeddable":true,"href":"https:\/\/fadeweb.uncoma.edu.ar\/index.php\/wp-json\/wp\/v2\/comments?post=13126"}],"version-history":[{"count":1,"href":"https:\/\/fadeweb.uncoma.edu.ar\/index.php\/wp-json\/wp\/v2\/posts\/13126\/revisions"}],"predecessor-version":[{"id":13127,"href":"https:\/\/fadeweb.uncoma.edu.ar\/index.php\/wp-json\/wp\/v2\/posts\/13126\/revisions\/13127"}],"wp:featuredmedia":[{"embeddable":true,"href":"https:\/\/fadeweb.uncoma.edu.ar\/index.php\/wp-json\/wp\/v2\/media\/7469"}],"wp:attachment":[{"href":"https:\/\/fadeweb.uncoma.edu.ar\/index.php\/wp-json\/wp\/v2\/media?parent=13126"}],"wp:term":[{"taxonomy":"category","embeddable":true,"href":"https:\/\/fadeweb.uncoma.edu.ar\/index.php\/wp-json\/wp\/v2\/categories?post=13126"},{"taxonomy":"post_tag","embeddable":true,"href":"https:\/\/fadeweb.uncoma.edu.ar\/index.php\/wp-json\/wp\/v2\/tags?post=13126"}],"curies":[{"name":"wp","href":"https:\/\/api.w.org\/{rel}","templated":true}]}}