{"id":13066,"date":"2019-06-03T10:48:39","date_gmt":"2019-06-03T13:48:39","guid":{"rendered":"https:\/\/fadeweb.uncoma.edu.ar\/?p=13066"},"modified":"2022-12-21T10:49:06","modified_gmt":"2022-12-21T13:49:06","slug":"taller-comunicacion-e-intercambio-en-lengua-de-senas-3","status":"publish","type":"post","link":"https:\/\/fadeweb.uncoma.edu.ar\/index.php\/2019\/06\/03\/taller-comunicacion-e-intercambio-en-lengua-de-senas-3\/","title":{"rendered":"TALLER COMUNICACI\u00d3N E INTERCAMBIO EN LENGUA DE SE\u00d1AS"},"content":{"rendered":"<p class=\"subt1\"><img fetchpriority=\"high\" decoding=\"async\" class=\"alignnone size-large wp-image-13016\" src=\"https:\/\/fadeweb.uncoma.edu.ar\/wp-content\/uploads\/2022\/12\/TALLER_senas2019-1024x724.jpg\" alt=\"\" width=\"800\" height=\"566\" srcset=\"https:\/\/fadeweb.uncoma.edu.ar\/wp-content\/uploads\/2022\/12\/TALLER_senas2019-1024x724.jpg 1024w, https:\/\/fadeweb.uncoma.edu.ar\/wp-content\/uploads\/2022\/12\/TALLER_senas2019-300x212.jpg 300w, https:\/\/fadeweb.uncoma.edu.ar\/wp-content\/uploads\/2022\/12\/TALLER_senas2019-768x543.jpg 768w, https:\/\/fadeweb.uncoma.edu.ar\/wp-content\/uploads\/2022\/12\/TALLER_senas2019-1536x1086.jpg 1536w, https:\/\/fadeweb.uncoma.edu.ar\/wp-content\/uploads\/2022\/12\/TALLER_senas2019.jpg 1920w\" sizes=\"(max-width: 800px) 100vw, 800px\" \/><\/p>\n<p class=\"texto\">La Secretar\u00eda de Bienestar Estudiantil de la FADECS informa que el Taller \u00abComunicaci\u00f3n e intercambio en Lengua de se\u00f1as\u00bb comenzar\u00e1 a dictarse el 10 de junio a las 19 en el aula 33 de nuestra casa de estudios. Est\u00e1 dirigido a personas que han cursado lengua de se\u00f1as.<\/p>\n<p class=\"texto\">El taller ser\u00e1 dictado por Luis Ortiz (Asociaci\u00f3n de sordos de R\u00edo Negro).<\/p>\n<p class=\"texto\">El correo de contacto es <a href=\"http:\/\/fadecs.uncoma.edu.ar\/extension\/com-ins\/accesibilidad@fade.uncoma.edu.ar\">accesibilidad@fade.uncoma.edu.ar<\/a><\/p>\n<p class=\"texto\">Es organizado por la Secretar\u00eda de Bienestar Estudiantil, Accesibilidad FADECS y Grupo INCA.<\/p>\n","protected":false},"excerpt":{"rendered":"<p>La Secretar\u00eda de Bienestar Estudiantil de la FADECS informa que el Taller \u00abComunicaci\u00f3n e intercambio en Lengua de se\u00f1as\u00bb comenzar\u00e1 a dictarse el 10 de junio a las 19 en el aula 33 de nuestra casa de estudios. Est\u00e1 dirigido a personas que han cursado lengua de se\u00f1as. El taller ser\u00e1 dictado por Luis Ortiz [&hellip;]<\/p>\n","protected":false},"author":2,"featured_media":13016,"comment_status":"open","ping_status":"open","sticky":false,"template":"","format":"standard","meta":{"footnotes":""},"categories":[12,5],"tags":[],"class_list":["post-13066","post","type-post","status-publish","format-standard","has-post-thumbnail","hentry","category-12","category-notifadecs"],"_links":{"self":[{"href":"https:\/\/fadeweb.uncoma.edu.ar\/index.php\/wp-json\/wp\/v2\/posts\/13066","targetHints":{"allow":["GET"]}}],"collection":[{"href":"https:\/\/fadeweb.uncoma.edu.ar\/index.php\/wp-json\/wp\/v2\/posts"}],"about":[{"href":"https:\/\/fadeweb.uncoma.edu.ar\/index.php\/wp-json\/wp\/v2\/types\/post"}],"author":[{"embeddable":true,"href":"https:\/\/fadeweb.uncoma.edu.ar\/index.php\/wp-json\/wp\/v2\/users\/2"}],"replies":[{"embeddable":true,"href":"https:\/\/fadeweb.uncoma.edu.ar\/index.php\/wp-json\/wp\/v2\/comments?post=13066"}],"version-history":[{"count":1,"href":"https:\/\/fadeweb.uncoma.edu.ar\/index.php\/wp-json\/wp\/v2\/posts\/13066\/revisions"}],"predecessor-version":[{"id":13067,"href":"https:\/\/fadeweb.uncoma.edu.ar\/index.php\/wp-json\/wp\/v2\/posts\/13066\/revisions\/13067"}],"wp:featuredmedia":[{"embeddable":true,"href":"https:\/\/fadeweb.uncoma.edu.ar\/index.php\/wp-json\/wp\/v2\/media\/13016"}],"wp:attachment":[{"href":"https:\/\/fadeweb.uncoma.edu.ar\/index.php\/wp-json\/wp\/v2\/media?parent=13066"}],"wp:term":[{"taxonomy":"category","embeddable":true,"href":"https:\/\/fadeweb.uncoma.edu.ar\/index.php\/wp-json\/wp\/v2\/categories?post=13066"},{"taxonomy":"post_tag","embeddable":true,"href":"https:\/\/fadeweb.uncoma.edu.ar\/index.php\/wp-json\/wp\/v2\/tags?post=13066"}],"curies":[{"name":"wp","href":"https:\/\/api.w.org\/{rel}","templated":true}]}}