{"id":13059,"date":"2019-06-03T10:45:19","date_gmt":"2019-06-03T13:45:19","guid":{"rendered":"https:\/\/fadeweb.uncoma.edu.ar\/?p=13059"},"modified":"2022-12-21T10:45:58","modified_gmt":"2022-12-21T13:45:58","slug":"informacion-de-bienestar-estudiantil","status":"publish","type":"post","link":"https:\/\/fadeweb.uncoma.edu.ar\/index.php\/2019\/06\/03\/informacion-de-bienestar-estudiantil\/","title":{"rendered":"INFORMACI\u00d3N DE BIENESTAR ESTUDIANTIL"},"content":{"rendered":"<p class=\"subt1\"><img fetchpriority=\"high\" decoding=\"async\" class=\"alignnone size-full wp-image-4239\" src=\"https:\/\/fadeweb.uncoma.edu.ar\/wp-content\/uploads\/2022\/09\/becas800.jpg\" alt=\"\" width=\"800\" height=\"212\" srcset=\"https:\/\/fadeweb.uncoma.edu.ar\/wp-content\/uploads\/2022\/09\/becas800.jpg 800w, https:\/\/fadeweb.uncoma.edu.ar\/wp-content\/uploads\/2022\/09\/becas800-300x80.jpg 300w, https:\/\/fadeweb.uncoma.edu.ar\/wp-content\/uploads\/2022\/09\/becas800-768x204.jpg 768w\" sizes=\"(max-width: 800px) 100vw, 800px\" \/><\/p>\n<p class=\"texto\">La Secretaria de Bienestar Estudiantil de la FADECS informa que, desde este lunes 3 de junio y hasta el lunes 10 de junio inclusive, estar\u00e1 disponible la planilla de firmas para los becarios renovantes y los nuevos.<\/p>\n<p class=\"texto\">El horario de atenci\u00f3n del \u00e1rea de Bienestar es el siguiente: de lunes a viernes de 8 a 14.<\/p>\n<p class=\"texto\">Se record\u00f3 la importancia de acercarse a realizar la notificaci\u00f3n del ingreso a la beca de ayuda econ\u00f3mica de los siguientes estudiantes:<\/p>\n<table border=\"0\" width=\"100%\" cellspacing=\"0\" cellpadding=\"5\">\n<tbody>\n<tr>\n<td class=\"tabla0\" valign=\"middle\" bgcolor=\"#66CCCC\" width=\"192\" height=\"20\">ACU\u00d1A RODRIGUEZ Melisa Antonella<\/td>\n<td class=\"tabla0\" valign=\"middle\" bgcolor=\"#D6D6D6\" width=\"192\">ANGUITA Joanna Yanet<\/td>\n<td class=\"tabla0\" valign=\"middle\" width=\"192\">ARGUELLO QUIROGA Nazarena Luvina<\/td>\n<\/tr>\n<tr>\n<td class=\"tabla0\" valign=\"middle\" bgcolor=\"#66CCCC\" width=\"192\" height=\"20\">ARIA Roc\u00edo del Cielo<\/td>\n<td class=\"tabla0\" valign=\"middle\" bgcolor=\"#D6D6D6\" width=\"192\">ARJONA Agostina Annabel<\/td>\n<td class=\"tabla0\" valign=\"middle\" width=\"192\">BARZOLA Denise Antonella<\/td>\n<\/tr>\n<tr>\n<td class=\"tabla0\" valign=\"middle\" bgcolor=\"#66CCCC\" width=\"192\" height=\"20\">BERBUC ISLER Florencia Francesca<\/td>\n<td class=\"tabla0\" valign=\"middle\" bgcolor=\"#D6D6D6\" width=\"192\">BURGOS Kevin Damian<\/td>\n<td class=\"tabla0\" valign=\"middle\" width=\"192\">CERDA Tamar, Rocio Micaela<\/td>\n<\/tr>\n<tr>\n<td class=\"tabla0\" valign=\"middle\" bgcolor=\"#66CCCC\" width=\"192\" height=\"20\">CONTRERAS Natalia Florencia<\/td>\n<td class=\"tabla0\" valign=\"middle\" bgcolor=\"#D6D6D6\" width=\"192\">CUELLAR Franco Fernando A.<\/td>\n<td class=\"tabla0\" valign=\"middle\" width=\"192\">D\u201dFRANCISCO Maria Jose<\/td>\n<\/tr>\n<tr>\n<td class=\"tabla0\" valign=\"middle\" bgcolor=\"#66CCCC\" width=\"192\" height=\"20\">EPULEF Guillermo Dario<\/td>\n<td class=\"tabla0\" valign=\"middle\" bgcolor=\"#D6D6D6\" width=\"192\">GOMEZ Julio Gast\u00f3n<\/td>\n<td class=\"tabla0\" valign=\"middle\" width=\"192\">GUTIERREZ Nadia Giselle<\/td>\n<\/tr>\n<tr>\n<td class=\"tabla0\" valign=\"middle\" bgcolor=\"#66CCCC\" width=\"192\" height=\"20\">HERNANDEZ PADR\u00d3 Carolina<\/td>\n<td class=\"tabla0\" valign=\"middle\" bgcolor=\"#D6D6D6\" width=\"192\">JAQUE Sharon Nicole<\/td>\n<td class=\"tabla0\" valign=\"middle\" width=\"192\">LIPPOLIS Katerinne Camila<\/td>\n<\/tr>\n<tr>\n<td class=\"tabla0\" valign=\"middle\" bgcolor=\"#66CCCC\" width=\"192\" height=\"20\">MAGALLANES Agustina<\/td>\n<td class=\"tabla0\" valign=\"middle\" bgcolor=\"#D6D6D6\" width=\"192\">MARIANO Aida Del Carmen<\/td>\n<td class=\"tabla0\" valign=\"middle\" width=\"192\">MARTINEZ Maria Agostina<\/td>\n<\/tr>\n<tr>\n<td class=\"tabla0\" valign=\"middle\" bgcolor=\"#66CCCC\" width=\"192\" height=\"20\">MELGAREJO Gabriela Beatriz<\/td>\n<td class=\"tabla0\" valign=\"middle\" bgcolor=\"#D6D6D6\" width=\"192\">MELLADO Juan Domingo<\/td>\n<td class=\"tabla0\" valign=\"middle\" width=\"192\">MONTECINO Rocio Nicol<\/td>\n<\/tr>\n<tr>\n<td class=\"tabla0\" valign=\"middle\" bgcolor=\"#66CCCC\" width=\"192\" height=\"20\">NOVOA Mirna Yarel<\/td>\n<td class=\"tabla0\" valign=\"middle\" bgcolor=\"#D6D6D6\" width=\"192\">NU\u00d1EZ Macarena Natal\u00ed<\/td>\n<td class=\"tabla0\" valign=\"middle\" width=\"192\">OPAZO VALLEJOS Rocio Antonella<\/td>\n<\/tr>\n<tr>\n<td class=\"tabla0\" valign=\"middle\" bgcolor=\"#66CCCC\" width=\"192\" height=\"20\">PEREIRA Nahum Carlos Joel<\/td>\n<td class=\"tabla0\" valign=\"middle\" bgcolor=\"#D6D6D6\" width=\"192\">REINA Sofia Celeste<\/td>\n<td class=\"tabla0\" valign=\"middle\" width=\"192\">RIQUELME Julia Guillermina<\/td>\n<\/tr>\n<tr>\n<td class=\"tabla0\" valign=\"middle\" bgcolor=\"#66CCCC\" width=\"192\" height=\"20\">RIQUELME Lourdes Antonella Beatriz<\/td>\n<td class=\"tabla0\" valign=\"middle\" bgcolor=\"#D6D6D6\" width=\"192\">RIQUELME Emanuel Esteban<\/td>\n<td class=\"tabla0\" valign=\"middle\" width=\"192\">SABATINI Oriana Nahir<\/td>\n<\/tr>\n<tr>\n<td class=\"tabla0\" valign=\"middle\" bgcolor=\"#66CCCC\" width=\"192\" height=\"20\">SAN MARTIN LINARES Carolina<\/td>\n<td class=\"tabla0\" valign=\"middle\" bgcolor=\"#D6D6D6\" width=\"192\">SANTANA Aldana Noeli<\/td>\n<td class=\"tabla0\" valign=\"middle\" width=\"192\">SCIPIONI Ezequiel Matias<\/td>\n<\/tr>\n<tr>\n<td class=\"tabla0\" valign=\"middle\" bgcolor=\"#66CCCC\" width=\"192\" height=\"20\">SOTO Carolina Maricel<\/td>\n<td class=\"tabla0\" valign=\"middle\" bgcolor=\"#D6D6D6\" width=\"192\">TAPIA Nadia Fernanda<\/td>\n<td class=\"tabla0\" valign=\"middle\" width=\"192\">VALDEZ Damari Camila<\/td>\n<\/tr>\n<tr>\n<td class=\"tabla0\" valign=\"middle\" bgcolor=\"#66CCCC\" width=\"192\" height=\"20\">ZALAZAR Alejandra Cecilia<\/td>\n<td class=\"tabla0\" valign=\"middle\" bgcolor=\"#D6D6D6\" width=\"192\">&nbsp;<\/td>\n<td class=\"tabla0\" valign=\"middle\" width=\"192\">&nbsp;<\/td>\n<\/tr>\n<\/tbody>\n<\/table>\n","protected":false},"excerpt":{"rendered":"<p>La Secretaria de Bienestar Estudiantil de la FADECS informa que, desde este lunes 3 de junio y hasta el lunes 10 de junio inclusive, estar\u00e1 disponible la planilla de firmas para los becarios renovantes y los nuevos. El horario de atenci\u00f3n del \u00e1rea de Bienestar es el siguiente: de lunes a viernes de 8 a [&hellip;]<\/p>\n","protected":false},"author":2,"featured_media":4239,"comment_status":"open","ping_status":"open","sticky":false,"template":"","format":"standard","meta":{"footnotes":""},"categories":[12,5],"tags":[],"class_list":["post-13059","post","type-post","status-publish","format-standard","has-post-thumbnail","hentry","category-12","category-notifadecs"],"_links":{"self":[{"href":"https:\/\/fadeweb.uncoma.edu.ar\/index.php\/wp-json\/wp\/v2\/posts\/13059","targetHints":{"allow":["GET"]}}],"collection":[{"href":"https:\/\/fadeweb.uncoma.edu.ar\/index.php\/wp-json\/wp\/v2\/posts"}],"about":[{"href":"https:\/\/fadeweb.uncoma.edu.ar\/index.php\/wp-json\/wp\/v2\/types\/post"}],"author":[{"embeddable":true,"href":"https:\/\/fadeweb.uncoma.edu.ar\/index.php\/wp-json\/wp\/v2\/users\/2"}],"replies":[{"embeddable":true,"href":"https:\/\/fadeweb.uncoma.edu.ar\/index.php\/wp-json\/wp\/v2\/comments?post=13059"}],"version-history":[{"count":1,"href":"https:\/\/fadeweb.uncoma.edu.ar\/index.php\/wp-json\/wp\/v2\/posts\/13059\/revisions"}],"predecessor-version":[{"id":13060,"href":"https:\/\/fadeweb.uncoma.edu.ar\/index.php\/wp-json\/wp\/v2\/posts\/13059\/revisions\/13060"}],"wp:featuredmedia":[{"embeddable":true,"href":"https:\/\/fadeweb.uncoma.edu.ar\/index.php\/wp-json\/wp\/v2\/media\/4239"}],"wp:attachment":[{"href":"https:\/\/fadeweb.uncoma.edu.ar\/index.php\/wp-json\/wp\/v2\/media?parent=13059"}],"wp:term":[{"taxonomy":"category","embeddable":true,"href":"https:\/\/fadeweb.uncoma.edu.ar\/index.php\/wp-json\/wp\/v2\/categories?post=13059"},{"taxonomy":"post_tag","embeddable":true,"href":"https:\/\/fadeweb.uncoma.edu.ar\/index.php\/wp-json\/wp\/v2\/tags?post=13059"}],"curies":[{"name":"wp","href":"https:\/\/api.w.org\/{rel}","templated":true}]}}