{"id":13057,"date":"2019-06-03T10:44:34","date_gmt":"2019-06-03T13:44:34","guid":{"rendered":"https:\/\/fadeweb.uncoma.edu.ar\/?p=13057"},"modified":"2022-12-21T10:45:09","modified_gmt":"2022-12-21T13:45:09","slug":"curso-de-postgrado-psicologia-comunitaria-y-politicas-de-ninez-y-juventud-5","status":"publish","type":"post","link":"https:\/\/fadeweb.uncoma.edu.ar\/index.php\/2019\/06\/03\/curso-de-postgrado-psicologia-comunitaria-y-politicas-de-ninez-y-juventud-5\/","title":{"rendered":"CURSO DE POSTGRADO: PSICOLOG\u00cdA COMUNITARIA Y POL\u00cdTICAS DE NI\u00d1EZ Y JUVENTUD"},"content":{"rendered":"<p class=\"subt1\"><img fetchpriority=\"high\" decoding=\"async\" class=\"alignnone size-full wp-image-12688\" src=\"https:\/\/fadeweb.uncoma.edu.ar\/wp-content\/uploads\/2022\/12\/PSICOLOGIA-COMUNITARIA-copia.jpg\" alt=\"\" width=\"800\" height=\"533\" srcset=\"https:\/\/fadeweb.uncoma.edu.ar\/wp-content\/uploads\/2022\/12\/PSICOLOGIA-COMUNITARIA-copia.jpg 800w, https:\/\/fadeweb.uncoma.edu.ar\/wp-content\/uploads\/2022\/12\/PSICOLOGIA-COMUNITARIA-copia-300x200.jpg 300w, https:\/\/fadeweb.uncoma.edu.ar\/wp-content\/uploads\/2022\/12\/PSICOLOGIA-COMUNITARIA-copia-768x512.jpg 768w\" sizes=\"(max-width: 800px) 100vw, 800px\" \/><\/p>\n<p class=\"texto\"><strong>Dirigido a: <\/strong>trabajadores sociales, docentes, psic\u00f3logos, comunicadores, soci\u00f3logos, psicopedagagos, operadores y profesionales interesados en la tem\u00e1tica<\/p>\n<p class=\"texto\"><strong>Coordinadora Local:<\/strong> Prof. Mery Catrileo Salazar<\/p>\n<p class=\"texto\"><strong>Plantel docente:<\/strong>\u00a0 Dr. Enrique Te\u00f3filo Saforcada, Lic. Giancarlo Quadrizzi Leccese y Lic. Mirel Vidal.<\/p>\n<p class=\"texto\"><strong>Cronograma:<\/strong>\u00a0 El curso se dictar\u00e1\u00a0 en cuatro encuentros\u00a0 mensuales, desde agosto\u00a0 a noviembre.<\/p>\n<ul>\n<li class=\"texto\">9 y 10 de\u00a0 agosto\u00a0 Enrique Saforcada y Giancarlo Quadrizzi Leccese.<\/li>\n<li class=\"texto\">6\u00a0 y\u00a0 7 Septiembre Mirel Vidal y\u00a0 Giancarlo Quadrizzi Leccese<\/li>\n<li class=\"texto\">4 y 5\u00a0 Octubre\u00a0 Mirel Vidal\u00a0 y Enrique Saforcada<\/li>\n<li class=\"texto\">1 y 2 Noviembre Enrique Saforcada y Giancarlo Quadrizzi.<\/li>\n<\/ul>\n<p class=\"texto\">El horario de cursado ser\u00e1 los viernes de 13 a 19 hs. y los s\u00e1bados de 9 a 14 hs.<\/p>\n<p class=\"texto\">Requiere trabajo final y se expedir\u00e1 certificaci\u00f3n para quienes aprueben el mismo.<\/p>\n<p class=\"texto\"><strong>Inscripciones:\u00a0<\/strong> Vigente hasta el 07\/08.<\/p>\n<p class=\"texto\"><strong>M\u00e1s informaci\u00f3n en:<\/strong> <a href=\"http:\/\/postgradofadecs.uncoma.edu.ar\">http:\/\/postgradofadecs.uncoma.edu.ar<\/a><\/p>\n<p class=\"texto\"><strong>Consultas:<\/strong><\/p>\n<p class=\"texto\">Departamento de Postgrado 0298 4430205<\/p>\n<p class=\"texto\"><a href=\"mailto:postgrado@fade.uncoma.edu.ar\">postgrado@fade.uncoma.edu.ar<\/a><\/p>\n","protected":false},"excerpt":{"rendered":"<p>Dirigido a: trabajadores sociales, docentes, psic\u00f3logos, comunicadores, soci\u00f3logos, psicopedagagos, operadores y profesionales interesados en la tem\u00e1tica Coordinadora Local: Prof. Mery Catrileo Salazar Plantel docente:\u00a0 Dr. Enrique Te\u00f3filo Saforcada, Lic. Giancarlo Quadrizzi Leccese y Lic. Mirel Vidal. Cronograma:\u00a0 El curso se dictar\u00e1\u00a0 en cuatro encuentros\u00a0 mensuales, desde agosto\u00a0 a noviembre. 9 y 10 de\u00a0 agosto\u00a0 Enrique [&hellip;]<\/p>\n","protected":false},"author":2,"featured_media":12688,"comment_status":"open","ping_status":"open","sticky":false,"template":"","format":"standard","meta":{"footnotes":""},"categories":[12,5],"tags":[],"class_list":["post-13057","post","type-post","status-publish","format-standard","has-post-thumbnail","hentry","category-12","category-notifadecs"],"_links":{"self":[{"href":"https:\/\/fadeweb.uncoma.edu.ar\/index.php\/wp-json\/wp\/v2\/posts\/13057","targetHints":{"allow":["GET"]}}],"collection":[{"href":"https:\/\/fadeweb.uncoma.edu.ar\/index.php\/wp-json\/wp\/v2\/posts"}],"about":[{"href":"https:\/\/fadeweb.uncoma.edu.ar\/index.php\/wp-json\/wp\/v2\/types\/post"}],"author":[{"embeddable":true,"href":"https:\/\/fadeweb.uncoma.edu.ar\/index.php\/wp-json\/wp\/v2\/users\/2"}],"replies":[{"embeddable":true,"href":"https:\/\/fadeweb.uncoma.edu.ar\/index.php\/wp-json\/wp\/v2\/comments?post=13057"}],"version-history":[{"count":1,"href":"https:\/\/fadeweb.uncoma.edu.ar\/index.php\/wp-json\/wp\/v2\/posts\/13057\/revisions"}],"predecessor-version":[{"id":13058,"href":"https:\/\/fadeweb.uncoma.edu.ar\/index.php\/wp-json\/wp\/v2\/posts\/13057\/revisions\/13058"}],"wp:featuredmedia":[{"embeddable":true,"href":"https:\/\/fadeweb.uncoma.edu.ar\/index.php\/wp-json\/wp\/v2\/media\/12688"}],"wp:attachment":[{"href":"https:\/\/fadeweb.uncoma.edu.ar\/index.php\/wp-json\/wp\/v2\/media?parent=13057"}],"wp:term":[{"taxonomy":"category","embeddable":true,"href":"https:\/\/fadeweb.uncoma.edu.ar\/index.php\/wp-json\/wp\/v2\/categories?post=13057"},{"taxonomy":"post_tag","embeddable":true,"href":"https:\/\/fadeweb.uncoma.edu.ar\/index.php\/wp-json\/wp\/v2\/tags?post=13057"}],"curies":[{"name":"wp","href":"https:\/\/api.w.org\/{rel}","templated":true}]}}