{"id":12833,"date":"2022-12-16T10:40:11","date_gmt":"2022-12-16T13:40:11","guid":{"rendered":"https:\/\/fadeweb.uncoma.edu.ar\/?p=12833"},"modified":"2022-12-16T10:40:11","modified_gmt":"2022-12-16T13:40:11","slug":"asueto-academico-administrativo-para-el-23-y-30-de-diciembre","status":"publish","type":"post","link":"https:\/\/fadeweb.uncoma.edu.ar\/index.php\/2022\/12\/16\/asueto-academico-administrativo-para-el-23-y-30-de-diciembre\/","title":{"rendered":"ASUETO ACAD\u00c9MICO-ADMINISTRATIVO PARA EL 23 Y 30 DE DICIEMBRE"},"content":{"rendered":"<p><img fetchpriority=\"high\" decoding=\"async\" class=\"alignleft wp-image-12834\" src=\"https:\/\/fadeweb.uncoma.edu.ar\/wp-content\/uploads\/2022\/12\/ASUETO-233012-1024x1024.jpg\" alt=\"\" width=\"600\" height=\"600\" srcset=\"https:\/\/fadeweb.uncoma.edu.ar\/wp-content\/uploads\/2022\/12\/ASUETO-233012-1024x1024.jpg 1024w, https:\/\/fadeweb.uncoma.edu.ar\/wp-content\/uploads\/2022\/12\/ASUETO-233012-300x300.jpg 300w, https:\/\/fadeweb.uncoma.edu.ar\/wp-content\/uploads\/2022\/12\/ASUETO-233012-150x150.jpg 150w, https:\/\/fadeweb.uncoma.edu.ar\/wp-content\/uploads\/2022\/12\/ASUETO-233012-768x768.jpg 768w, https:\/\/fadeweb.uncoma.edu.ar\/wp-content\/uploads\/2022\/12\/ASUETO-233012.jpg 1080w\" sizes=\"(max-width: 600px) 100vw, 600px\" \/><\/p>\n<p style=\"text-align: left;\">La Rectora de la Universidad Nacional del Comahue resolvi\u00f3 otorgar asueto acad\u00e9mico-administrativo para todo el personal de la UNCo, adhiriendo a lo establecido por el Gobierno Nacional dispuesto por Decreto 820\/2022 DCTO-2022-820-APN-PTE asueto otorgado para todo el personal de la Administraci\u00f3n P\u00fablica Nacional, para los d\u00edas 23 y 30 de Diciembre del 2022 (Resoluci\u00f3n N\u00ba 0562\/2022).<\/p>\n","protected":false},"excerpt":{"rendered":"<p>La Rectora de la Universidad Nacional del Comahue resolvi\u00f3 otorgar asueto acad\u00e9mico-administrativo para todo el personal de la UNCo, adhiriendo a lo establecido por el Gobierno Nacional dispuesto por Decreto 820\/2022 DCTO-2022-820-APN-PTE asueto otorgado para todo el personal de la Administraci\u00f3n P\u00fablica Nacional, para los d\u00edas 23 y 30 de Diciembre del 2022 (Resoluci\u00f3n N\u00ba [&hellip;]<\/p>\n","protected":false},"author":4,"featured_media":12834,"comment_status":"open","ping_status":"open","sticky":false,"template":"","format":"standard","meta":{"footnotes":""},"categories":[14,5],"tags":[],"class_list":["post-12833","post","type-post","status-publish","format-standard","has-post-thumbnail","hentry","category-14","category-notifadecs"],"_links":{"self":[{"href":"https:\/\/fadeweb.uncoma.edu.ar\/index.php\/wp-json\/wp\/v2\/posts\/12833","targetHints":{"allow":["GET"]}}],"collection":[{"href":"https:\/\/fadeweb.uncoma.edu.ar\/index.php\/wp-json\/wp\/v2\/posts"}],"about":[{"href":"https:\/\/fadeweb.uncoma.edu.ar\/index.php\/wp-json\/wp\/v2\/types\/post"}],"author":[{"embeddable":true,"href":"https:\/\/fadeweb.uncoma.edu.ar\/index.php\/wp-json\/wp\/v2\/users\/4"}],"replies":[{"embeddable":true,"href":"https:\/\/fadeweb.uncoma.edu.ar\/index.php\/wp-json\/wp\/v2\/comments?post=12833"}],"version-history":[{"count":1,"href":"https:\/\/fadeweb.uncoma.edu.ar\/index.php\/wp-json\/wp\/v2\/posts\/12833\/revisions"}],"predecessor-version":[{"id":12835,"href":"https:\/\/fadeweb.uncoma.edu.ar\/index.php\/wp-json\/wp\/v2\/posts\/12833\/revisions\/12835"}],"wp:featuredmedia":[{"embeddable":true,"href":"https:\/\/fadeweb.uncoma.edu.ar\/index.php\/wp-json\/wp\/v2\/media\/12834"}],"wp:attachment":[{"href":"https:\/\/fadeweb.uncoma.edu.ar\/index.php\/wp-json\/wp\/v2\/media?parent=12833"}],"wp:term":[{"taxonomy":"category","embeddable":true,"href":"https:\/\/fadeweb.uncoma.edu.ar\/index.php\/wp-json\/wp\/v2\/categories?post=12833"},{"taxonomy":"post_tag","embeddable":true,"href":"https:\/\/fadeweb.uncoma.edu.ar\/index.php\/wp-json\/wp\/v2\/tags?post=12833"}],"curies":[{"name":"wp","href":"https:\/\/api.w.org\/{rel}","templated":true}]}}