{"id":12614,"date":"2019-08-14T07:44:14","date_gmt":"2019-08-14T10:44:14","guid":{"rendered":"https:\/\/fadeweb.uncoma.edu.ar\/?p=12614"},"modified":"2022-12-14T07:44:46","modified_gmt":"2022-12-14T10:44:46","slug":"atencion-estudiantes-de-grado-de-la-unco","status":"publish","type":"post","link":"https:\/\/fadeweb.uncoma.edu.ar\/index.php\/2019\/08\/14\/atencion-estudiantes-de-grado-de-la-unco\/","title":{"rendered":"\u00a1\u00a1ATENCI\u00d3N ESTUDIANTES DE GRADO DE LA UNCO!!"},"content":{"rendered":"<p class=\"subt1\"><img fetchpriority=\"high\" decoding=\"async\" class=\"alignnone size-full wp-image-12615\" src=\"https:\/\/fadeweb.uncoma.edu.ar\/wp-content\/uploads\/2022\/12\/IMG_4239.jpg\" alt=\"\" width=\"640\" height=\"426\" srcset=\"https:\/\/fadeweb.uncoma.edu.ar\/wp-content\/uploads\/2022\/12\/IMG_4239.jpg 640w, https:\/\/fadeweb.uncoma.edu.ar\/wp-content\/uploads\/2022\/12\/IMG_4239-300x200.jpg 300w\" sizes=\"(max-width: 640px) 100vw, 640px\" \/><\/p>\n<p class=\"texto\"><strong>\u00bfEst\u00e1s interesado en realizar la experiencia de movilidad acad\u00e9mica internacional?<\/strong><\/p>\n<p class=\"texto\">La Subsecretar\u00eda de Relaciones Internacionales de la Universidad Nacional del Comahue informa que se ampli\u00f3 el plazo de la \u201cConvocatoria de Movilidad Internacional para Estudiantes de Grado de la UNCo\u201d para realizar la movilidad acad\u00e9mica internacional en el 1ro o 2do semestre del a\u00f1o 2020.<\/p>\n<p class=\"texto\">Pueden participar los estudiantes de todas las carreras de la Universidad Nacional del Comahue.<\/p>\n<p class=\"texto\">El nuevo cierre de la convocatoria es el 16 de agosto de 2019.<\/p>\n<p class=\"texto\">M\u00e1s informaci\u00f3n:\u00a0<a href=\"mailto:movilidadout.internacionales@central.uncoma.edu.ar\">movilidadout.internacionales@central.uncoma.edu.ar<\/a><\/p>\n","protected":false},"excerpt":{"rendered":"<p>\u00bfEst\u00e1s interesado en realizar la experiencia de movilidad acad\u00e9mica internacional? La Subsecretar\u00eda de Relaciones Internacionales de la Universidad Nacional del Comahue informa que se ampli\u00f3 el plazo de la \u201cConvocatoria de Movilidad Internacional para Estudiantes de Grado de la UNCo\u201d para realizar la movilidad acad\u00e9mica internacional en el 1ro o 2do semestre del a\u00f1o 2020. [&hellip;]<\/p>\n","protected":false},"author":2,"featured_media":12615,"comment_status":"open","ping_status":"open","sticky":false,"template":"","format":"standard","meta":{"footnotes":""},"categories":[12,5],"tags":[],"class_list":["post-12614","post","type-post","status-publish","format-standard","has-post-thumbnail","hentry","category-12","category-notifadecs"],"_links":{"self":[{"href":"https:\/\/fadeweb.uncoma.edu.ar\/index.php\/wp-json\/wp\/v2\/posts\/12614","targetHints":{"allow":["GET"]}}],"collection":[{"href":"https:\/\/fadeweb.uncoma.edu.ar\/index.php\/wp-json\/wp\/v2\/posts"}],"about":[{"href":"https:\/\/fadeweb.uncoma.edu.ar\/index.php\/wp-json\/wp\/v2\/types\/post"}],"author":[{"embeddable":true,"href":"https:\/\/fadeweb.uncoma.edu.ar\/index.php\/wp-json\/wp\/v2\/users\/2"}],"replies":[{"embeddable":true,"href":"https:\/\/fadeweb.uncoma.edu.ar\/index.php\/wp-json\/wp\/v2\/comments?post=12614"}],"version-history":[{"count":1,"href":"https:\/\/fadeweb.uncoma.edu.ar\/index.php\/wp-json\/wp\/v2\/posts\/12614\/revisions"}],"predecessor-version":[{"id":12616,"href":"https:\/\/fadeweb.uncoma.edu.ar\/index.php\/wp-json\/wp\/v2\/posts\/12614\/revisions\/12616"}],"wp:featuredmedia":[{"embeddable":true,"href":"https:\/\/fadeweb.uncoma.edu.ar\/index.php\/wp-json\/wp\/v2\/media\/12615"}],"wp:attachment":[{"href":"https:\/\/fadeweb.uncoma.edu.ar\/index.php\/wp-json\/wp\/v2\/media?parent=12614"}],"wp:term":[{"taxonomy":"category","embeddable":true,"href":"https:\/\/fadeweb.uncoma.edu.ar\/index.php\/wp-json\/wp\/v2\/categories?post=12614"},{"taxonomy":"post_tag","embeddable":true,"href":"https:\/\/fadeweb.uncoma.edu.ar\/index.php\/wp-json\/wp\/v2\/tags?post=12614"}],"curies":[{"name":"wp","href":"https:\/\/api.w.org\/{rel}","templated":true}]}}