{"id":12603,"date":"2019-08-14T07:40:32","date_gmt":"2019-08-14T10:40:32","guid":{"rendered":"https:\/\/fadeweb.uncoma.edu.ar\/?p=12603"},"modified":"2022-12-14T07:41:03","modified_gmt":"2022-12-14T10:41:03","slug":"equipo-de-extension-ira-a-choele-choel-para-trabajar-sobre-derechos-humanos","status":"publish","type":"post","link":"https:\/\/fadeweb.uncoma.edu.ar\/index.php\/2019\/08\/14\/equipo-de-extension-ira-a-choele-choel-para-trabajar-sobre-derechos-humanos\/","title":{"rendered":"EQUIPO DE EXTENSI\u00d3N IR\u00c1 A CHOELE CHOEL PARA TRABAJAR SOBRE DERECHOS HUMANOS"},"content":{"rendered":"<p class=\"subt1\"><img fetchpriority=\"high\" decoding=\"async\" class=\"alignnone size-full wp-image-12604\" src=\"https:\/\/fadeweb.uncoma.edu.ar\/wp-content\/uploads\/2022\/12\/CHOELE-CHOEL.jpg\" alt=\"\" width=\"800\" height=\"426\" srcset=\"https:\/\/fadeweb.uncoma.edu.ar\/wp-content\/uploads\/2022\/12\/CHOELE-CHOEL.jpg 800w, https:\/\/fadeweb.uncoma.edu.ar\/wp-content\/uploads\/2022\/12\/CHOELE-CHOEL-300x160.jpg 300w, https:\/\/fadeweb.uncoma.edu.ar\/wp-content\/uploads\/2022\/12\/CHOELE-CHOEL-768x409.jpg 768w\" sizes=\"(max-width: 800px) 100vw, 800px\" \/><\/p>\n<p class=\"texto\">En el marco del proyecto <strong>\u00abVulneraci\u00f3n de derechos y violencia institucional en el trabajo rural golondrina\u00bb<\/strong>, que dirige la profesora Laura Franquelli y codirige la licenciada Alicia Diez, se reunieron el Secretario de Extensi\u00f3n de la UNCo, Mg. Gustavo Ferreyra, y la Secretaria de Extensi\u00f3n de la FADECS, Abog. Sof\u00eda Szechenyi, con referentes del equipo para analizar distintos aspectos y evaluar la log\u00edstica de la salida a territorio. Asistieron los docentes de nuestra casa de estudios Fabi\u00e1n Bergero, Nicol\u00e1s Garc\u00eda y Celia Delgado, y las referentes de la Asamblea Por los Derechos Humanos (APDH) de Neuqu\u00e9n, Noem\u00ed Labrune y Leticia Bellini. El programa incluye el traslado de 32 estudiantes a Choele Choel los d\u00edas 30 de agosto y 1 y 2 de septiembre.<\/p>\n<p class=\"texto\">En la reuni\u00f3n se destac\u00f3 la realizaci\u00f3n de una serie de actividades con el fin de sensibilizar y problematizar sobre la vulneraci\u00f3n de derechos de los trabajadores golondrinas en la regi\u00f3n del Valle Medio provincial. Destacan que \u201cla intencionalidad del trabajo es poder visibilizar esta situaci\u00f3n en el territorio de la localidad rionegrina, el lugar donde el caso Daniel Solano tuvo especial relevancia por la magnitud de su vulneraci\u00f3n, que culmin\u00f3 con su desaparici\u00f3n\u201d.<\/p>\n<p class=\"texto\">El proyecto involucra las C\u00e1tedras de Teor\u00eda y Pr\u00e1ctica del Trabajo Social en Comunidad, Derecho Penal II, Derecho Procesal Penal, y Derecho Laboral, Periodismo Escrito, Periodismo Radiof\u00f3nico y Periodismo de Investigaci\u00f3n, todas ellas de la Facultad de Derecho y Ciencias Sociales (FADECS), con sede en Roca. Y su objetivo es contribuir a la formaci\u00f3n integral de los futuros profesionales, que incluye tomar conciencia de su responsabilidad social, a trav\u00e9s de un abordaje vivencial de la realidad en la que habr\u00e1n de actuar.<\/p>\n<p class=\"texto\">(Novedades de Extensi\u00f3n UNCo)<\/p>\n","protected":false},"excerpt":{"rendered":"<p>En el marco del proyecto \u00abVulneraci\u00f3n de derechos y violencia institucional en el trabajo rural golondrina\u00bb, que dirige la profesora Laura Franquelli y codirige la licenciada Alicia Diez, se reunieron el Secretario de Extensi\u00f3n de la UNCo, Mg. Gustavo Ferreyra, y la Secretaria de Extensi\u00f3n de la FADECS, Abog. Sof\u00eda Szechenyi, con referentes del equipo [&hellip;]<\/p>\n","protected":false},"author":2,"featured_media":12604,"comment_status":"open","ping_status":"open","sticky":false,"template":"","format":"standard","meta":{"footnotes":""},"categories":[12,5],"tags":[],"class_list":["post-12603","post","type-post","status-publish","format-standard","has-post-thumbnail","hentry","category-12","category-notifadecs"],"_links":{"self":[{"href":"https:\/\/fadeweb.uncoma.edu.ar\/index.php\/wp-json\/wp\/v2\/posts\/12603","targetHints":{"allow":["GET"]}}],"collection":[{"href":"https:\/\/fadeweb.uncoma.edu.ar\/index.php\/wp-json\/wp\/v2\/posts"}],"about":[{"href":"https:\/\/fadeweb.uncoma.edu.ar\/index.php\/wp-json\/wp\/v2\/types\/post"}],"author":[{"embeddable":true,"href":"https:\/\/fadeweb.uncoma.edu.ar\/index.php\/wp-json\/wp\/v2\/users\/2"}],"replies":[{"embeddable":true,"href":"https:\/\/fadeweb.uncoma.edu.ar\/index.php\/wp-json\/wp\/v2\/comments?post=12603"}],"version-history":[{"count":1,"href":"https:\/\/fadeweb.uncoma.edu.ar\/index.php\/wp-json\/wp\/v2\/posts\/12603\/revisions"}],"predecessor-version":[{"id":12605,"href":"https:\/\/fadeweb.uncoma.edu.ar\/index.php\/wp-json\/wp\/v2\/posts\/12603\/revisions\/12605"}],"wp:featuredmedia":[{"embeddable":true,"href":"https:\/\/fadeweb.uncoma.edu.ar\/index.php\/wp-json\/wp\/v2\/media\/12604"}],"wp:attachment":[{"href":"https:\/\/fadeweb.uncoma.edu.ar\/index.php\/wp-json\/wp\/v2\/media?parent=12603"}],"wp:term":[{"taxonomy":"category","embeddable":true,"href":"https:\/\/fadeweb.uncoma.edu.ar\/index.php\/wp-json\/wp\/v2\/categories?post=12603"},{"taxonomy":"post_tag","embeddable":true,"href":"https:\/\/fadeweb.uncoma.edu.ar\/index.php\/wp-json\/wp\/v2\/tags?post=12603"}],"curies":[{"name":"wp","href":"https:\/\/api.w.org\/{rel}","templated":true}]}}