{"id":12598,"date":"2019-08-14T07:38:44","date_gmt":"2019-08-14T10:38:44","guid":{"rendered":"https:\/\/fadeweb.uncoma.edu.ar\/?p=12598"},"modified":"2022-12-14T07:40:19","modified_gmt":"2022-12-14T10:40:19","slug":"toman-forma-las-v-jornadas-debate-de-investigacion-en-ciencias-sociales","status":"publish","type":"post","link":"https:\/\/fadeweb.uncoma.edu.ar\/index.php\/2019\/08\/14\/toman-forma-las-v-jornadas-debate-de-investigacion-en-ciencias-sociales\/","title":{"rendered":"TOMAN FORMA LAS V JORNADAS-DEBATE DE INVESTIGACI\u00d3N EN CIENCIAS SOCIALES"},"content":{"rendered":"<p class=\"subt1\"><img fetchpriority=\"high\" decoding=\"async\" class=\"alignnone size-large wp-image-12599\" src=\"https:\/\/fadeweb.uncoma.edu.ar\/wp-content\/uploads\/2022\/12\/v-carteles-1024x683.jpg\" alt=\"\" width=\"800\" height=\"534\" srcset=\"https:\/\/fadeweb.uncoma.edu.ar\/wp-content\/uploads\/2022\/12\/v-carteles-1024x683.jpg 1024w, https:\/\/fadeweb.uncoma.edu.ar\/wp-content\/uploads\/2022\/12\/v-carteles-300x200.jpg 300w, https:\/\/fadeweb.uncoma.edu.ar\/wp-content\/uploads\/2022\/12\/v-carteles-768x512.jpg 768w, https:\/\/fadeweb.uncoma.edu.ar\/wp-content\/uploads\/2022\/12\/v-carteles-1536x1024.jpg 1536w, https:\/\/fadeweb.uncoma.edu.ar\/wp-content\/uploads\/2022\/12\/v-carteles.jpg 1920w\" sizes=\"(max-width: 800px) 100vw, 800px\" \/><\/p>\n<p class=\"texto\">Las V Jornadas-debate de investigaci\u00f3n en Ciencias Sociales, a desarrollarse este<strong> jueves 15 y viernes 16 de agosto de 2019 en las aulas 36 y 37 de FADECS-FADEL<\/strong>, comenzaron a tomar forma ayer. En el marco del recibimiento por parte de las secretar\u00edas de Investigaci\u00f3n de las Facultades de Derecho y Ciencias Sociales y de Lenguas de la Universidad Nacional del Comahue desplegaron durante la ma\u00f1ana del martes una serie de p\u00f3steres que ambientaran el espacio en donde se desarrollar\u00e1 el encuentro.<\/p>\n<p class=\"texto\">El amplio pasillo del sector de aulas nuevas del asentamiento fue ornamentado con las producciones gr\u00e1ficas elaboradas por Investigaci\u00f3n, en los que se brinda un resumen de los proyectos que ser\u00e1n presentados formalmente en los dos d\u00edas de las jornadas.<\/p>\n<p class=\"texto\">Por otro lado, se sancion\u00f3 la Disposici\u00f3n 0010\/2019 que otorga aval acad\u00e9mico e institucional a las V Jornadas-Debate de Investigaci\u00f3n FADECS-FADEL. El texto dispone \u00abjustificar las inasistencias de aquellos\/as estudiantes de los m\u00f3dulos Roca y Neuqu\u00e9n que participan de la jornada\u00bb. El art\u00edculo 2\u00ba invita \u00aba los\/las responsables de c\u00e1tedra a participar junto con sus estudiantes en la jornada\u00bb.<\/p>\n<p class=\"texto\">Cabe recordar que las jornadas-debate est\u00e1n dirigidas a la comunidad docente que integra equipos de investigaci\u00f3n y a estudiantes que participan de proyectos. No es necesario inscribirse para participar de las mismas, y los objetivos son:<\/p>\n<p class=\"texto\">\u2022 Propiciar un ambiente de debate e intercambio en relaci\u00f3n a la Reforma Universitaria y sus implicancias en las actividades de investigaci\u00f3n, docencia y transferencia en la Universidad de hoy.<\/p>\n<p class=\"texto\">\u2022 Facilitar procesos de interacci\u00f3n entre investigadores, docentes, estudiantes y la comunidad<\/p>\n<p class=\"texto\">\u2022 Dar a conocer qu\u00e9 se est\u00e1 investigando en Ciencias Sociales en la Universidad Nacional del Comahue<\/p>\n<p class=\"texto\"><a href=\"https:\/\/fadeweb.uncoma.edu.ar\/wp-content\/uploads\/2022\/12\/Programa-Jornadas-Debate.pdf\">DESCARGAR PROGRAMA<\/a><\/p>\n<p class=\"texto\"><a href=\"https:\/\/fadeweb.uncoma.edu.ar\/wp-content\/uploads\/2022\/12\/libro-resumenes-jornadas.pdf\">LIBRO RES\u00daMENES JORNADAS<\/a><\/p>\n<p class=\"texto\"><strong>M\u00e1s informaci\u00f3n en: <\/strong><\/p>\n<p class=\"texto\">Secretar\u00eda de Ciencia y T\u00e9cnica y Relaciones Internacionales de FADECS<span class=\"linea4\"><a id=\"a724\" name=\"a03140819\"><\/a><\/span><br \/>\n<a href=\"mailto:invefade@gmail.com\">invefade@gmail.com<\/a><\/p>\n<p class=\"texto\">Secretar\u00eda de Investigaci\u00f3n de FADEL<br \/>\n<a href=\"mailto:investigacion_fadel@hotmail.com\">investigacion_fadel@hotmail.com<\/a><\/p>\n","protected":false},"excerpt":{"rendered":"<p>Las V Jornadas-debate de investigaci\u00f3n en Ciencias Sociales, a desarrollarse este jueves 15 y viernes 16 de agosto de 2019 en las aulas 36 y 37 de FADECS-FADEL, comenzaron a tomar forma ayer. En el marco del recibimiento por parte de las secretar\u00edas de Investigaci\u00f3n de las Facultades de Derecho y Ciencias Sociales y de [&hellip;]<\/p>\n","protected":false},"author":2,"featured_media":12599,"comment_status":"open","ping_status":"open","sticky":false,"template":"","format":"standard","meta":{"footnotes":""},"categories":[12,5],"tags":[],"class_list":["post-12598","post","type-post","status-publish","format-standard","has-post-thumbnail","hentry","category-12","category-notifadecs"],"_links":{"self":[{"href":"https:\/\/fadeweb.uncoma.edu.ar\/index.php\/wp-json\/wp\/v2\/posts\/12598","targetHints":{"allow":["GET"]}}],"collection":[{"href":"https:\/\/fadeweb.uncoma.edu.ar\/index.php\/wp-json\/wp\/v2\/posts"}],"about":[{"href":"https:\/\/fadeweb.uncoma.edu.ar\/index.php\/wp-json\/wp\/v2\/types\/post"}],"author":[{"embeddable":true,"href":"https:\/\/fadeweb.uncoma.edu.ar\/index.php\/wp-json\/wp\/v2\/users\/2"}],"replies":[{"embeddable":true,"href":"https:\/\/fadeweb.uncoma.edu.ar\/index.php\/wp-json\/wp\/v2\/comments?post=12598"}],"version-history":[{"count":1,"href":"https:\/\/fadeweb.uncoma.edu.ar\/index.php\/wp-json\/wp\/v2\/posts\/12598\/revisions"}],"predecessor-version":[{"id":12602,"href":"https:\/\/fadeweb.uncoma.edu.ar\/index.php\/wp-json\/wp\/v2\/posts\/12598\/revisions\/12602"}],"wp:featuredmedia":[{"embeddable":true,"href":"https:\/\/fadeweb.uncoma.edu.ar\/index.php\/wp-json\/wp\/v2\/media\/12599"}],"wp:attachment":[{"href":"https:\/\/fadeweb.uncoma.edu.ar\/index.php\/wp-json\/wp\/v2\/media?parent=12598"}],"wp:term":[{"taxonomy":"category","embeddable":true,"href":"https:\/\/fadeweb.uncoma.edu.ar\/index.php\/wp-json\/wp\/v2\/categories?post=12598"},{"taxonomy":"post_tag","embeddable":true,"href":"https:\/\/fadeweb.uncoma.edu.ar\/index.php\/wp-json\/wp\/v2\/tags?post=12598"}],"curies":[{"name":"wp","href":"https:\/\/api.w.org\/{rel}","templated":true}]}}