{"id":12545,"date":"2019-08-23T13:35:00","date_gmt":"2019-08-23T16:35:00","guid":{"rendered":"https:\/\/fadeweb.uncoma.edu.ar\/?p=12545"},"modified":"2022-12-13T13:35:48","modified_gmt":"2022-12-13T16:35:48","slug":"se-dictara-en-la-fadecs-un-taller-de-periodismo-movil-2","status":"publish","type":"post","link":"https:\/\/fadeweb.uncoma.edu.ar\/index.php\/2019\/08\/23\/se-dictara-en-la-fadecs-un-taller-de-periodismo-movil-2\/","title":{"rendered":"SE DICTAR\u00c1 EN LA FADECS UN TALLER DE PERIODISMO M\u00d3VIL"},"content":{"rendered":"<p class=\"subt1\"><img fetchpriority=\"high\" decoding=\"async\" class=\"alignnone size-large wp-image-12435\" src=\"https:\/\/fadeweb.uncoma.edu.ar\/wp-content\/uploads\/2022\/12\/periodismo-movil-1024x682.jpg\" alt=\"\" width=\"800\" height=\"533\" srcset=\"https:\/\/fadeweb.uncoma.edu.ar\/wp-content\/uploads\/2022\/12\/periodismo-movil-1024x682.jpg 1024w, https:\/\/fadeweb.uncoma.edu.ar\/wp-content\/uploads\/2022\/12\/periodismo-movil-300x200.jpg 300w, https:\/\/fadeweb.uncoma.edu.ar\/wp-content\/uploads\/2022\/12\/periodismo-movil-768x512.jpg 768w, https:\/\/fadeweb.uncoma.edu.ar\/wp-content\/uploads\/2022\/12\/periodismo-movil-1536x1023.jpg 1536w, https:\/\/fadeweb.uncoma.edu.ar\/wp-content\/uploads\/2022\/12\/periodismo-movil-2048x1365.jpg 2048w\" sizes=\"(max-width: 800px) 100vw, 800px\" \/><\/p>\n<p class=\"texto\">La Secretar\u00eda de Extensi\u00f3n de la FADECS informa que el Taller de Periodismo M\u00f3vil (Pr\u00e1cticas en base al tel\u00e9fono m\u00f3vil) comenzar\u00e1 a dictarse el viernes 6 de septiembre, de 10:30 a 12:30, en el aula 13 de nuestra casa de estudios. El taller es gratuito, est\u00e1 dirigido a estudiantes de Comunicaci\u00f3n Social y ser\u00e1 dictado en cinco encuentros semanales por el docente Marcelo Miranda. La capacitaci\u00f3n\u00a0cuenta con\u00a0el aval de la Secretar\u00eda de Extensi\u00f3n de la FADECS quien emitir\u00e1\u00a0 certificados\u00a0a\u00a0las\/os asistentes.<\/p>\n<p class=\"texto\">En el fundamento se indica que la pr\u00e1ctica del periodismo actual est\u00e1 concentrada, en cuanto a herramienta de trabajo, en el tel\u00e9fono m\u00f3vil. El Mobile Journalist recoge y distribuye noticias con un tel\u00e9fono o tablet. En este tipo de periodismo se debe conocer la utilizaci\u00f3n de app y accesorios para producir los contenidos.<\/p>\n<p class=\"texto\">Si bien las rutinas para producir una noticia se mantienen, la forma de registrar, procesar y distribuir las noticias se ven alterados por la utilizaci\u00f3n del tel\u00e9fono. El registro multimedial obliga al periodista y la periodista a conocer estas nuevas pr\u00e1cticas y herramientas que est\u00e1n en continua renovaci\u00f3n.<\/p>\n<p class=\"texto\">Las inscripciones estar\u00e1n abiertas hasta el\u00a0martes 03\u00a0de septiembre, con un cupo m\u00e1ximo de 10 estudiantes por cada taller, y se tomar\u00e1n personalmente en la Secretar\u00eda de Extensi\u00f3n en el horario de 8 a 16\u00a0hs.<\/p>\n<p class=\"texto\">Para las inscripciones se solicita:<\/p>\n<ul>\n<li class=\"texto\"><strong>Rendimiento Acad\u00e9mico<\/strong><\/li>\n<li class=\"texto\"><strong>Certificado de Alumno Regular<\/strong><\/li>\n<\/ul>\n","protected":false},"excerpt":{"rendered":"<p>La Secretar\u00eda de Extensi\u00f3n de la FADECS informa que el Taller de Periodismo M\u00f3vil (Pr\u00e1cticas en base al tel\u00e9fono m\u00f3vil) comenzar\u00e1 a dictarse el viernes 6 de septiembre, de 10:30 a 12:30, en el aula 13 de nuestra casa de estudios. El taller es gratuito, est\u00e1 dirigido a estudiantes de Comunicaci\u00f3n Social y ser\u00e1 dictado [&hellip;]<\/p>\n","protected":false},"author":2,"featured_media":12435,"comment_status":"open","ping_status":"open","sticky":false,"template":"","format":"standard","meta":{"footnotes":""},"categories":[12,5],"tags":[],"class_list":["post-12545","post","type-post","status-publish","format-standard","has-post-thumbnail","hentry","category-12","category-notifadecs"],"_links":{"self":[{"href":"https:\/\/fadeweb.uncoma.edu.ar\/index.php\/wp-json\/wp\/v2\/posts\/12545","targetHints":{"allow":["GET"]}}],"collection":[{"href":"https:\/\/fadeweb.uncoma.edu.ar\/index.php\/wp-json\/wp\/v2\/posts"}],"about":[{"href":"https:\/\/fadeweb.uncoma.edu.ar\/index.php\/wp-json\/wp\/v2\/types\/post"}],"author":[{"embeddable":true,"href":"https:\/\/fadeweb.uncoma.edu.ar\/index.php\/wp-json\/wp\/v2\/users\/2"}],"replies":[{"embeddable":true,"href":"https:\/\/fadeweb.uncoma.edu.ar\/index.php\/wp-json\/wp\/v2\/comments?post=12545"}],"version-history":[{"count":1,"href":"https:\/\/fadeweb.uncoma.edu.ar\/index.php\/wp-json\/wp\/v2\/posts\/12545\/revisions"}],"predecessor-version":[{"id":12546,"href":"https:\/\/fadeweb.uncoma.edu.ar\/index.php\/wp-json\/wp\/v2\/posts\/12545\/revisions\/12546"}],"wp:featuredmedia":[{"embeddable":true,"href":"https:\/\/fadeweb.uncoma.edu.ar\/index.php\/wp-json\/wp\/v2\/media\/12435"}],"wp:attachment":[{"href":"https:\/\/fadeweb.uncoma.edu.ar\/index.php\/wp-json\/wp\/v2\/media?parent=12545"}],"wp:term":[{"taxonomy":"category","embeddable":true,"href":"https:\/\/fadeweb.uncoma.edu.ar\/index.php\/wp-json\/wp\/v2\/categories?post=12545"},{"taxonomy":"post_tag","embeddable":true,"href":"https:\/\/fadeweb.uncoma.edu.ar\/index.php\/wp-json\/wp\/v2\/tags?post=12545"}],"curies":[{"name":"wp","href":"https:\/\/api.w.org\/{rel}","templated":true}]}}