{"id":12537,"date":"2019-08-23T13:32:25","date_gmt":"2019-08-23T16:32:25","guid":{"rendered":"https:\/\/fadeweb.uncoma.edu.ar\/?p=12537"},"modified":"2022-12-13T13:33:11","modified_gmt":"2022-12-13T16:33:11","slug":"certificaciones-del-seminario-de-periodismo-de-espectaculos","status":"publish","type":"post","link":"https:\/\/fadeweb.uncoma.edu.ar\/index.php\/2019\/08\/23\/certificaciones-del-seminario-de-periodismo-de-espectaculos\/","title":{"rendered":"CERTIFICACIONES DEL SEMINARIO DE PERIODISMO DE ESPECT\u00c1CULOS"},"content":{"rendered":"<p class=\"subt1\"><img fetchpriority=\"high\" decoding=\"async\" class=\"alignnone size-full wp-image-12538\" src=\"https:\/\/fadeweb.uncoma.edu.ar\/wp-content\/uploads\/2022\/12\/cert-pe-copia.jpg\" alt=\"\" width=\"800\" height=\"533\" srcset=\"https:\/\/fadeweb.uncoma.edu.ar\/wp-content\/uploads\/2022\/12\/cert-pe-copia.jpg 800w, https:\/\/fadeweb.uncoma.edu.ar\/wp-content\/uploads\/2022\/12\/cert-pe-copia-300x200.jpg 300w, https:\/\/fadeweb.uncoma.edu.ar\/wp-content\/uploads\/2022\/12\/cert-pe-copia-768x512.jpg 768w\" sizes=\"(max-width: 800px) 100vw, 800px\" \/><\/p>\n<p class=\"texto\">La Secretar\u00eda de Extensi\u00f3n de la FADECS convoca a las y los estudiantes que cursaron el Seminario de Periodismo de Espect\u00e1culos dictado por la Licenciada Patricia Chaina, para el d\u00eda lunes 26 de agosto a las 11 hs en el aula 33 de nuestra casa de estudios, a fin de hacerles entrega de los certificados correspondientes.<\/p>\n<p class=\"texto\">La invitaci\u00f3n se hace extensiva a los Directores del Departamento de Comunicaci\u00f3n Social, y a todo el que quiera participar, ya que las y los estudiantes har\u00e1n la presentaci\u00f3n del trabajo final colectivo confeccionado con los trabajos individuales y grupales que realizaron durante todo el seminario. Dicho trabajo consiste en una publicaci\u00f3n digital que funciona como gu\u00eda para quienes busquen saber m\u00e1s de las pel\u00edculas que nos han conmovido en los \u00faltimos a\u00f1os, son criticas de cine y tambi\u00e9n de espect\u00e1culos en vivo a los cuales asistieron los participantes del seminario.<\/p>\n","protected":false},"excerpt":{"rendered":"<p>La Secretar\u00eda de Extensi\u00f3n de la FADECS convoca a las y los estudiantes que cursaron el Seminario de Periodismo de Espect\u00e1culos dictado por la Licenciada Patricia Chaina, para el d\u00eda lunes 26 de agosto a las 11 hs en el aula 33 de nuestra casa de estudios, a fin de hacerles entrega de los certificados [&hellip;]<\/p>\n","protected":false},"author":2,"featured_media":12538,"comment_status":"open","ping_status":"open","sticky":false,"template":"","format":"standard","meta":{"footnotes":""},"categories":[12,5],"tags":[],"class_list":["post-12537","post","type-post","status-publish","format-standard","has-post-thumbnail","hentry","category-12","category-notifadecs"],"_links":{"self":[{"href":"https:\/\/fadeweb.uncoma.edu.ar\/index.php\/wp-json\/wp\/v2\/posts\/12537","targetHints":{"allow":["GET"]}}],"collection":[{"href":"https:\/\/fadeweb.uncoma.edu.ar\/index.php\/wp-json\/wp\/v2\/posts"}],"about":[{"href":"https:\/\/fadeweb.uncoma.edu.ar\/index.php\/wp-json\/wp\/v2\/types\/post"}],"author":[{"embeddable":true,"href":"https:\/\/fadeweb.uncoma.edu.ar\/index.php\/wp-json\/wp\/v2\/users\/2"}],"replies":[{"embeddable":true,"href":"https:\/\/fadeweb.uncoma.edu.ar\/index.php\/wp-json\/wp\/v2\/comments?post=12537"}],"version-history":[{"count":1,"href":"https:\/\/fadeweb.uncoma.edu.ar\/index.php\/wp-json\/wp\/v2\/posts\/12537\/revisions"}],"predecessor-version":[{"id":12539,"href":"https:\/\/fadeweb.uncoma.edu.ar\/index.php\/wp-json\/wp\/v2\/posts\/12537\/revisions\/12539"}],"wp:featuredmedia":[{"embeddable":true,"href":"https:\/\/fadeweb.uncoma.edu.ar\/index.php\/wp-json\/wp\/v2\/media\/12538"}],"wp:attachment":[{"href":"https:\/\/fadeweb.uncoma.edu.ar\/index.php\/wp-json\/wp\/v2\/media?parent=12537"}],"wp:term":[{"taxonomy":"category","embeddable":true,"href":"https:\/\/fadeweb.uncoma.edu.ar\/index.php\/wp-json\/wp\/v2\/categories?post=12537"},{"taxonomy":"post_tag","embeddable":true,"href":"https:\/\/fadeweb.uncoma.edu.ar\/index.php\/wp-json\/wp\/v2\/tags?post=12537"}],"curies":[{"name":"wp","href":"https:\/\/api.w.org\/{rel}","templated":true}]}}