{"id":12531,"date":"2019-08-23T13:29:31","date_gmt":"2019-08-23T16:29:31","guid":{"rendered":"https:\/\/fadeweb.uncoma.edu.ar\/?p=12531"},"modified":"2022-12-13T13:30:05","modified_gmt":"2022-12-13T16:30:05","slug":"convocatoria-beca-ppu-para-estudiantes-de-comunicacion-social-4","status":"publish","type":"post","link":"https:\/\/fadeweb.uncoma.edu.ar\/index.php\/2019\/08\/23\/convocatoria-beca-ppu-para-estudiantes-de-comunicacion-social-4\/","title":{"rendered":"CONVOCATORIA BECA PPU PARA ESTUDIANTES DE COMUNICACI\u00d3N SOCIAL\u00a0"},"content":{"rendered":"<p class=\"subt1\"><img fetchpriority=\"high\" decoding=\"async\" class=\"alignnone size-large wp-image-12465\" src=\"https:\/\/fadeweb.uncoma.edu.ar\/wp-content\/uploads\/2022\/12\/beca-ppu-1024x683.jpg\" alt=\"\" width=\"800\" height=\"534\" srcset=\"https:\/\/fadeweb.uncoma.edu.ar\/wp-content\/uploads\/2022\/12\/beca-ppu-1024x683.jpg 1024w, https:\/\/fadeweb.uncoma.edu.ar\/wp-content\/uploads\/2022\/12\/beca-ppu-300x200.jpg 300w, https:\/\/fadeweb.uncoma.edu.ar\/wp-content\/uploads\/2022\/12\/beca-ppu-768x512.jpg 768w, https:\/\/fadeweb.uncoma.edu.ar\/wp-content\/uploads\/2022\/12\/beca-ppu-1536x1024.jpg 1536w, https:\/\/fadeweb.uncoma.edu.ar\/wp-content\/uploads\/2022\/12\/beca-ppu.jpg 1920w\" sizes=\"(max-width: 800px) 100vw, 800px\" \/><\/p>\n<p class=\"texto\">La Secretar\u00eda de Extensi\u00f3n de la FADECS informa que est\u00e1 abierta la convocatoria para la BECA Pre Profesional Universitaria dirigida a estudiantes de la carrera de Comunicaci\u00f3n Social,\u00a0para desempe\u00f1arse en la Facultad de Ingenier\u00eda, en Buenos Aires 1400, Neuqu\u00e9n.<\/p>\n<p class=\"texto\">Los requisitos acad\u00e9micos de la convocatoria son:<\/p>\n<ul>\n<li class=\"texto\">presentar constancia de alumno regular y rendimiento acad\u00e9mico<\/li>\n<\/ul>\n<p class=\"texto\">tener\u00a0<strong>aprobadas\u00a0<\/strong>las siguientes materias:<\/p>\n<ul>\n<li class=\"texto\">Comunicaci\u00f3n Interpersonal y Grupal<\/li>\n<li class=\"texto\">Comunicaci\u00f3n en las organizaciones<\/li>\n<\/ul>\n<p class=\"texto\">y\u00a0<strong>cursadas:<\/strong><\/p>\n<ul>\n<li class=\"texto\">Planificaci\u00f3n y gesti\u00f3n de la comunicaci\u00f3n<\/li>\n<li class=\"texto\">Comunicaci\u00f3n en Multimedia<\/li>\n<\/ul>\n<p class=\"texto\">Objetivo educativo de la beca: Participar de una experiencia formativa integradora, poniendo en pr\u00e1ctica estrategias y herramientas para la comunicaci\u00f3n institucional. Colaborar con un equipo de trabajo, integrarse a su funcionamiento y aprender de su din\u00e1mica. Experimentar de manera directa situaciones del mundo laboral.<\/p>\n<p class=\"texto\">Plan de trabajo: Colaborar con el desarrollo e implementaci\u00f3n del plan de comunicaci\u00f3n institucional de la Facultad de Ingenier\u00eda. Revisi\u00f3n y\/o redise\u00f1o de los canales de comunicaci\u00f3n actuales. Identificaci\u00f3n de destinatarios de diferentes comunicaciones interna y externa. Gesti\u00f3n y Segmentaci\u00f3n de bases de contactos. Proponer herramientas para comunicar eficazmente. Gestionar redes sociales. Mantener actualizada la agenda de eventos de FAIN y colaborar en su difusi\u00f3n.<\/p>\n<ul>\n<li class=\"texto\"><strong class=\"texto\">Duraci\u00f3n de la beca: <\/strong>6 meses renovables.<\/li>\n<li class=\"texto\"><strong class=\"texto\">Cantidad de horas:<\/strong> 20 horas semanales. Horario a convenir.<\/li>\n<li class=\"texto\"><strong class=\"texto\">Fecha estimada de inicio de las actividades<\/strong>: 02\/09\/2019<\/li>\n<li class=\"texto\"><strong class=\"texto\">Importante:<\/strong> se dar\u00e1 prioridad a quienes tengan domicilio en Neuqu\u00e9n.<\/li>\n<li class=\"texto\"><strong class=\"texto\">Dependencia<\/strong> donde se desarrollar\u00e1n las actividades: Secretar\u00eda de Extensi\u00f3n y Vinculaci\u00f3n Tecnol\u00f3gica de la Facultad de Ingenier\u00eda.<\/li>\n<\/ul>\n<p class=\"texto\">LA DOCUMENTACI\u00d3N PODR\u00c1 PRESENTARSE\u00a0DESDE EL LUNES 26 DE AGOSTO AL LUNES 2 DE SEPTIEMBRE DE 2019\u00a0EN LA SECRETAR\u00cdA DE EXTENSI\u00d3N Y ASUNTOS ESTUDIANTILES, EN EL HORARIO DE: 8:00 A 14:00 HS, SIN EXCEPCIONES.<\/p>\n","protected":false},"excerpt":{"rendered":"<p>La Secretar\u00eda de Extensi\u00f3n de la FADECS informa que est\u00e1 abierta la convocatoria para la BECA Pre Profesional Universitaria dirigida a estudiantes de la carrera de Comunicaci\u00f3n Social,\u00a0para desempe\u00f1arse en la Facultad de Ingenier\u00eda, en Buenos Aires 1400, Neuqu\u00e9n. Los requisitos acad\u00e9micos de la convocatoria son: presentar constancia de alumno regular y rendimiento acad\u00e9mico tener\u00a0aprobadas\u00a0las [&hellip;]<\/p>\n","protected":false},"author":2,"featured_media":12465,"comment_status":"open","ping_status":"open","sticky":false,"template":"","format":"standard","meta":{"footnotes":""},"categories":[12,5],"tags":[],"class_list":["post-12531","post","type-post","status-publish","format-standard","has-post-thumbnail","hentry","category-12","category-notifadecs"],"_links":{"self":[{"href":"https:\/\/fadeweb.uncoma.edu.ar\/index.php\/wp-json\/wp\/v2\/posts\/12531","targetHints":{"allow":["GET"]}}],"collection":[{"href":"https:\/\/fadeweb.uncoma.edu.ar\/index.php\/wp-json\/wp\/v2\/posts"}],"about":[{"href":"https:\/\/fadeweb.uncoma.edu.ar\/index.php\/wp-json\/wp\/v2\/types\/post"}],"author":[{"embeddable":true,"href":"https:\/\/fadeweb.uncoma.edu.ar\/index.php\/wp-json\/wp\/v2\/users\/2"}],"replies":[{"embeddable":true,"href":"https:\/\/fadeweb.uncoma.edu.ar\/index.php\/wp-json\/wp\/v2\/comments?post=12531"}],"version-history":[{"count":1,"href":"https:\/\/fadeweb.uncoma.edu.ar\/index.php\/wp-json\/wp\/v2\/posts\/12531\/revisions"}],"predecessor-version":[{"id":12532,"href":"https:\/\/fadeweb.uncoma.edu.ar\/index.php\/wp-json\/wp\/v2\/posts\/12531\/revisions\/12532"}],"wp:featuredmedia":[{"embeddable":true,"href":"https:\/\/fadeweb.uncoma.edu.ar\/index.php\/wp-json\/wp\/v2\/media\/12465"}],"wp:attachment":[{"href":"https:\/\/fadeweb.uncoma.edu.ar\/index.php\/wp-json\/wp\/v2\/media?parent=12531"}],"wp:term":[{"taxonomy":"category","embeddable":true,"href":"https:\/\/fadeweb.uncoma.edu.ar\/index.php\/wp-json\/wp\/v2\/categories?post=12531"},{"taxonomy":"post_tag","embeddable":true,"href":"https:\/\/fadeweb.uncoma.edu.ar\/index.php\/wp-json\/wp\/v2\/tags?post=12531"}],"curies":[{"name":"wp","href":"https:\/\/api.w.org\/{rel}","templated":true}]}}