{"id":12519,"date":"2019-08-28T13:05:13","date_gmt":"2019-08-28T16:05:13","guid":{"rendered":"https:\/\/fadeweb.uncoma.edu.ar\/?p=12519"},"modified":"2022-12-13T13:05:49","modified_gmt":"2022-12-13T16:05:49","slug":"jornada-sobre-derecho-de-defensa-4","status":"publish","type":"post","link":"https:\/\/fadeweb.uncoma.edu.ar\/index.php\/2019\/08\/28\/jornada-sobre-derecho-de-defensa-4\/","title":{"rendered":"JORNADA SOBRE DERECHO DE DEFENSA"},"content":{"rendered":"<p class=\"subt1\"><img fetchpriority=\"high\" decoding=\"async\" class=\"alignnone size-large wp-image-12415\" src=\"https:\/\/fadeweb.uncoma.edu.ar\/wp-content\/uploads\/2022\/12\/01-Derecho_de_defensa-1024x683.jpg\" alt=\"\" width=\"800\" height=\"534\" srcset=\"https:\/\/fadeweb.uncoma.edu.ar\/wp-content\/uploads\/2022\/12\/01-Derecho_de_defensa-1024x683.jpg 1024w, https:\/\/fadeweb.uncoma.edu.ar\/wp-content\/uploads\/2022\/12\/01-Derecho_de_defensa-300x200.jpg 300w, https:\/\/fadeweb.uncoma.edu.ar\/wp-content\/uploads\/2022\/12\/01-Derecho_de_defensa-768x512.jpg 768w, https:\/\/fadeweb.uncoma.edu.ar\/wp-content\/uploads\/2022\/12\/01-Derecho_de_defensa-1536x1024.jpg 1536w, https:\/\/fadeweb.uncoma.edu.ar\/wp-content\/uploads\/2022\/12\/01-Derecho_de_defensa-2048x1365.jpg 2048w\" sizes=\"(max-width: 800px) 100vw, 800px\" \/><\/p>\n<p><span class=\"texto\">La Secretar\u00eda de Extensi\u00f3n de la FADECS convoca a la comunidad universitaria a la \u201cJornada en la Regi\u00f3n del Mercosur de Derecho de la Defensa\u00bb (Argentina &#8211; Brasil), la cual se llevar\u00e1 a cabo el viernes 6 de septiembre del 2019 a las 16 hs, en el aula 34 de nuestra casa de estudios.<\/span><\/p>\n<p class=\"texto\">La misma es organizada en forma conjunta por la Facultad de Derecho y Ciencias Sociales y el Instituto de Derechos Humanos del Colegio de Abogados de General Roca.<\/p>\n<p class=\"texto\">Es una actividad libre, gratuita, y abierta a todo el p\u00fablico. Se entregar\u00e1n certificados de asistencia.<br \/>\nLos organizadores dijeron que \u00abes de sumo inter\u00e9s realizar este encuentro por cuanto se abordar\u00e1n temas de fundamentales en el universo estudiantil, para la formaci\u00f3n de quienes luego ser\u00e1n profesionales del derecho\u00bb.<\/p>\n<p class=\"texto\"><strong>Los ejes seleccionados son:<\/strong><\/p>\n<blockquote>\n<p class=\"texto\">\u2022Derecho de defensa como derecho humano. (derecho argentino)<br \/>\n\u2022Derecho de Defensa como derecho humano (derecho brasilero)<br \/>\n\u2022Defensa de la defensa.<\/p>\n<\/blockquote>\n<p class=\"texto\">Para su dictado, se contar\u00e1 con notables abogados de reconocida trayectoria en la defensa de los derechos humanos, el Dr. L\u00f3pez de Belva (Argentina) y el Dr. Marcelo Chalreo (Brasil).<\/p>\n<p class=\"texto\"><strong>Para consultas e inscripciones:<\/strong><br \/>\n<a href=\"mailto:inscripciones.extensionfadecs@gmail.com\">inscripciones.extensionfadecs@gmail.com<\/a> o al CEL: 298-4690225<\/p>\n","protected":false},"excerpt":{"rendered":"<p>La Secretar\u00eda de Extensi\u00f3n de la FADECS convoca a la comunidad universitaria a la \u201cJornada en la Regi\u00f3n del Mercosur de Derecho de la Defensa\u00bb (Argentina &#8211; Brasil), la cual se llevar\u00e1 a cabo el viernes 6 de septiembre del 2019 a las 16 hs, en el aula 34 de nuestra casa de estudios. La [&hellip;]<\/p>\n","protected":false},"author":2,"featured_media":12415,"comment_status":"open","ping_status":"open","sticky":false,"template":"","format":"standard","meta":{"footnotes":""},"categories":[12,5],"tags":[],"class_list":["post-12519","post","type-post","status-publish","format-standard","has-post-thumbnail","hentry","category-12","category-notifadecs"],"_links":{"self":[{"href":"https:\/\/fadeweb.uncoma.edu.ar\/index.php\/wp-json\/wp\/v2\/posts\/12519","targetHints":{"allow":["GET"]}}],"collection":[{"href":"https:\/\/fadeweb.uncoma.edu.ar\/index.php\/wp-json\/wp\/v2\/posts"}],"about":[{"href":"https:\/\/fadeweb.uncoma.edu.ar\/index.php\/wp-json\/wp\/v2\/types\/post"}],"author":[{"embeddable":true,"href":"https:\/\/fadeweb.uncoma.edu.ar\/index.php\/wp-json\/wp\/v2\/users\/2"}],"replies":[{"embeddable":true,"href":"https:\/\/fadeweb.uncoma.edu.ar\/index.php\/wp-json\/wp\/v2\/comments?post=12519"}],"version-history":[{"count":1,"href":"https:\/\/fadeweb.uncoma.edu.ar\/index.php\/wp-json\/wp\/v2\/posts\/12519\/revisions"}],"predecessor-version":[{"id":12520,"href":"https:\/\/fadeweb.uncoma.edu.ar\/index.php\/wp-json\/wp\/v2\/posts\/12519\/revisions\/12520"}],"wp:featuredmedia":[{"embeddable":true,"href":"https:\/\/fadeweb.uncoma.edu.ar\/index.php\/wp-json\/wp\/v2\/media\/12415"}],"wp:attachment":[{"href":"https:\/\/fadeweb.uncoma.edu.ar\/index.php\/wp-json\/wp\/v2\/media?parent=12519"}],"wp:term":[{"taxonomy":"category","embeddable":true,"href":"https:\/\/fadeweb.uncoma.edu.ar\/index.php\/wp-json\/wp\/v2\/categories?post=12519"},{"taxonomy":"post_tag","embeddable":true,"href":"https:\/\/fadeweb.uncoma.edu.ar\/index.php\/wp-json\/wp\/v2\/tags?post=12519"}],"curies":[{"name":"wp","href":"https:\/\/api.w.org\/{rel}","templated":true}]}}