{"id":12504,"date":"2019-08-28T12:55:57","date_gmt":"2019-08-28T15:55:57","guid":{"rendered":"https:\/\/fadeweb.uncoma.edu.ar\/?p=12504"},"modified":"2022-12-13T12:56:36","modified_gmt":"2022-12-13T15:56:36","slug":"convocatoria-del-observatorio-de-comunicacion-de-la-fadecs","status":"publish","type":"post","link":"https:\/\/fadeweb.uncoma.edu.ar\/index.php\/2019\/08\/28\/convocatoria-del-observatorio-de-comunicacion-de-la-fadecs\/","title":{"rendered":"CONVOCATORIA DEL OBSERVATORIO DE COMUNICACI\u00d3N DE LA FADECS"},"content":{"rendered":"<p class=\"subt1\"><img fetchpriority=\"high\" decoding=\"async\" class=\"alignnone size-full wp-image-12505\" src=\"https:\/\/fadeweb.uncoma.edu.ar\/wp-content\/uploads\/2022\/12\/observatorio-com-soc-copia.jpg\" alt=\"\" width=\"800\" height=\"252\" srcset=\"https:\/\/fadeweb.uncoma.edu.ar\/wp-content\/uploads\/2022\/12\/observatorio-com-soc-copia.jpg 800w, https:\/\/fadeweb.uncoma.edu.ar\/wp-content\/uploads\/2022\/12\/observatorio-com-soc-copia-300x95.jpg 300w, https:\/\/fadeweb.uncoma.edu.ar\/wp-content\/uploads\/2022\/12\/observatorio-com-soc-copia-768x242.jpg 768w\" sizes=\"(max-width: 800px) 100vw, 800px\" \/><\/p>\n<p class=\"texto\">El Observatorio de Comunicaci\u00f3n y Tem\u00e1ticas Sociales de la FADECS convoca a estudiantes y graduadas\/os de la carrera de Comunicaci\u00f3n Social a participar de las actividades de observaci\u00f3n, investigaci\u00f3n y an\u00e1lisis que lleva a cabo el organismo.<br \/>\nEl llamado est\u00e1 dirigido a personas interesadas en realizar estudios peri\u00f3dicos y sistem\u00e1ticos acerca de varias tem\u00e1ticas relativas al campo de la comunicaci\u00f3n, como estructura de los medios; condiciones laborales; modos de consumo informativo y de consumo cultural; pr\u00e1cticas productivas; agendas; fuentes; publicidad, entre otras.<br \/>\nSe convoca tambi\u00e9n a estudiantes y graduadas\/os interesadas\/os en llevar adelante desde el Observatorio experiencias de comunicaci\u00f3n p\u00fablica de la ciencia.<\/p>\n<p class=\"texto\">En este sentido, se inform\u00f3 que el lunes 2 de septiembre a las 17 h, en el aula 4 de nuestra casa de estudios, se levar\u00e1 a cabo la primera reuni\u00f3n del Observatorio con esta agenda de trabajo.<\/p>\n","protected":false},"excerpt":{"rendered":"<p>El Observatorio de Comunicaci\u00f3n y Tem\u00e1ticas Sociales de la FADECS convoca a estudiantes y graduadas\/os de la carrera de Comunicaci\u00f3n Social a participar de las actividades de observaci\u00f3n, investigaci\u00f3n y an\u00e1lisis que lleva a cabo el organismo. El llamado est\u00e1 dirigido a personas interesadas en realizar estudios peri\u00f3dicos y sistem\u00e1ticos acerca de varias tem\u00e1ticas relativas [&hellip;]<\/p>\n","protected":false},"author":2,"featured_media":12505,"comment_status":"open","ping_status":"open","sticky":false,"template":"","format":"standard","meta":{"footnotes":""},"categories":[12,5],"tags":[],"class_list":["post-12504","post","type-post","status-publish","format-standard","has-post-thumbnail","hentry","category-12","category-notifadecs"],"_links":{"self":[{"href":"https:\/\/fadeweb.uncoma.edu.ar\/index.php\/wp-json\/wp\/v2\/posts\/12504","targetHints":{"allow":["GET"]}}],"collection":[{"href":"https:\/\/fadeweb.uncoma.edu.ar\/index.php\/wp-json\/wp\/v2\/posts"}],"about":[{"href":"https:\/\/fadeweb.uncoma.edu.ar\/index.php\/wp-json\/wp\/v2\/types\/post"}],"author":[{"embeddable":true,"href":"https:\/\/fadeweb.uncoma.edu.ar\/index.php\/wp-json\/wp\/v2\/users\/2"}],"replies":[{"embeddable":true,"href":"https:\/\/fadeweb.uncoma.edu.ar\/index.php\/wp-json\/wp\/v2\/comments?post=12504"}],"version-history":[{"count":1,"href":"https:\/\/fadeweb.uncoma.edu.ar\/index.php\/wp-json\/wp\/v2\/posts\/12504\/revisions"}],"predecessor-version":[{"id":12506,"href":"https:\/\/fadeweb.uncoma.edu.ar\/index.php\/wp-json\/wp\/v2\/posts\/12504\/revisions\/12506"}],"wp:featuredmedia":[{"embeddable":true,"href":"https:\/\/fadeweb.uncoma.edu.ar\/index.php\/wp-json\/wp\/v2\/media\/12505"}],"wp:attachment":[{"href":"https:\/\/fadeweb.uncoma.edu.ar\/index.php\/wp-json\/wp\/v2\/media?parent=12504"}],"wp:term":[{"taxonomy":"category","embeddable":true,"href":"https:\/\/fadeweb.uncoma.edu.ar\/index.php\/wp-json\/wp\/v2\/categories?post=12504"},{"taxonomy":"post_tag","embeddable":true,"href":"https:\/\/fadeweb.uncoma.edu.ar\/index.php\/wp-json\/wp\/v2\/tags?post=12504"}],"curies":[{"name":"wp","href":"https:\/\/api.w.org\/{rel}","templated":true}]}}