{"id":12502,"date":"2019-08-28T12:55:13","date_gmt":"2019-08-28T15:55:13","guid":{"rendered":"https:\/\/fadeweb.uncoma.edu.ar\/?p=12502"},"modified":"2022-12-13T12:55:44","modified_gmt":"2022-12-13T15:55:44","slug":"rita-segato-brindara-una-charla-en-la-fadecs-3","status":"publish","type":"post","link":"https:\/\/fadeweb.uncoma.edu.ar\/index.php\/2019\/08\/28\/rita-segato-brindara-una-charla-en-la-fadecs-3\/","title":{"rendered":"RITA SEGATO BRINDAR\u00c1 UNA CHARLA EN LA FADECS"},"content":{"rendered":"<p class=\"subt1\"><img fetchpriority=\"high\" decoding=\"async\" class=\"alignnone size-large wp-image-12383\" src=\"https:\/\/fadeweb.uncoma.edu.ar\/wp-content\/uploads\/2022\/12\/rita-segato-1024x682.jpg\" alt=\"\" width=\"800\" height=\"533\" srcset=\"https:\/\/fadeweb.uncoma.edu.ar\/wp-content\/uploads\/2022\/12\/rita-segato-1024x682.jpg 1024w, https:\/\/fadeweb.uncoma.edu.ar\/wp-content\/uploads\/2022\/12\/rita-segato-300x200.jpg 300w, https:\/\/fadeweb.uncoma.edu.ar\/wp-content\/uploads\/2022\/12\/rita-segato-768x512.jpg 768w, https:\/\/fadeweb.uncoma.edu.ar\/wp-content\/uploads\/2022\/12\/rita-segato-1536x1023.jpg 1536w, https:\/\/fadeweb.uncoma.edu.ar\/wp-content\/uploads\/2022\/12\/rita-segato-2048x1365.jpg 2048w\" sizes=\"(max-width: 800px) 100vw, 800px\" \/><\/p>\n<p class=\"texto\">La antrop\u00f3loga feminista Rita Segato brindar\u00e1 una charla el lunes 9 de septiembre a las 18 h en el auditorio de la FADECS. Se convoca a toda la comunidad. La entrada es libre y gratuita.<\/p>\n<p class=\"texto\">Segato es considerada una de las intelectuales feministas m\u00e1s importantes de Latinoam\u00e9rica. Es especialmente conocida por sus investigaciones que se han orientado a las cuestiones de g\u00e9nero en los pueblos ind\u00edgenas y comunidades latinoamericanas, a la violencia de g\u00e9nero y a las relaciones entre g\u00e9nero, racismo y colonialidad.<\/p>\n","protected":false},"excerpt":{"rendered":"<p>La antrop\u00f3loga feminista Rita Segato brindar\u00e1 una charla el lunes 9 de septiembre a las 18 h en el auditorio de la FADECS. Se convoca a toda la comunidad. La entrada es libre y gratuita. Segato es considerada una de las intelectuales feministas m\u00e1s importantes de Latinoam\u00e9rica. Es especialmente conocida por sus investigaciones que se [&hellip;]<\/p>\n","protected":false},"author":2,"featured_media":12383,"comment_status":"open","ping_status":"open","sticky":false,"template":"","format":"standard","meta":{"footnotes":""},"categories":[12,5],"tags":[],"class_list":["post-12502","post","type-post","status-publish","format-standard","has-post-thumbnail","hentry","category-12","category-notifadecs"],"_links":{"self":[{"href":"https:\/\/fadeweb.uncoma.edu.ar\/index.php\/wp-json\/wp\/v2\/posts\/12502","targetHints":{"allow":["GET"]}}],"collection":[{"href":"https:\/\/fadeweb.uncoma.edu.ar\/index.php\/wp-json\/wp\/v2\/posts"}],"about":[{"href":"https:\/\/fadeweb.uncoma.edu.ar\/index.php\/wp-json\/wp\/v2\/types\/post"}],"author":[{"embeddable":true,"href":"https:\/\/fadeweb.uncoma.edu.ar\/index.php\/wp-json\/wp\/v2\/users\/2"}],"replies":[{"embeddable":true,"href":"https:\/\/fadeweb.uncoma.edu.ar\/index.php\/wp-json\/wp\/v2\/comments?post=12502"}],"version-history":[{"count":1,"href":"https:\/\/fadeweb.uncoma.edu.ar\/index.php\/wp-json\/wp\/v2\/posts\/12502\/revisions"}],"predecessor-version":[{"id":12503,"href":"https:\/\/fadeweb.uncoma.edu.ar\/index.php\/wp-json\/wp\/v2\/posts\/12502\/revisions\/12503"}],"wp:featuredmedia":[{"embeddable":true,"href":"https:\/\/fadeweb.uncoma.edu.ar\/index.php\/wp-json\/wp\/v2\/media\/12383"}],"wp:attachment":[{"href":"https:\/\/fadeweb.uncoma.edu.ar\/index.php\/wp-json\/wp\/v2\/media?parent=12502"}],"wp:term":[{"taxonomy":"category","embeddable":true,"href":"https:\/\/fadeweb.uncoma.edu.ar\/index.php\/wp-json\/wp\/v2\/categories?post=12502"},{"taxonomy":"post_tag","embeddable":true,"href":"https:\/\/fadeweb.uncoma.edu.ar\/index.php\/wp-json\/wp\/v2\/tags?post=12502"}],"curies":[{"name":"wp","href":"https:\/\/api.w.org\/{rel}","templated":true}]}}