{"id":12406,"date":"2019-09-06T10:38:14","date_gmt":"2019-09-06T13:38:14","guid":{"rendered":"https:\/\/fadeweb.uncoma.edu.ar\/?p=12406"},"modified":"2022-12-13T10:38:44","modified_gmt":"2022-12-13T13:38:44","slug":"i-jornadas-de-iniciacion-a-la-investigacion-en-comunicacion-y-cultura-3","status":"publish","type":"post","link":"https:\/\/fadeweb.uncoma.edu.ar\/index.php\/2019\/09\/06\/i-jornadas-de-iniciacion-a-la-investigacion-en-comunicacion-y-cultura-3\/","title":{"rendered":"I JORNADAS DE INICIACI\u00d3N A LA INVESTIGACI\u00d3N EN COMUNICACI\u00d3N Y CULTURA"},"content":{"rendered":"<p><img fetchpriority=\"high\" decoding=\"async\" class=\"alignnone size-full wp-image-1710\" src=\"https:\/\/fadeweb.uncoma.edu.ar\/wp-content\/uploads\/2022\/06\/deptocom800.jpg\" alt=\"\" width=\"800\" height=\"222\" srcset=\"https:\/\/fadeweb.uncoma.edu.ar\/wp-content\/uploads\/2022\/06\/deptocom800.jpg 800w, https:\/\/fadeweb.uncoma.edu.ar\/wp-content\/uploads\/2022\/06\/deptocom800-300x83.jpg 300w, https:\/\/fadeweb.uncoma.edu.ar\/wp-content\/uploads\/2022\/06\/deptocom800-768x213.jpg 768w\" sizes=\"(max-width: 800px) 100vw, 800px\" \/><br \/>\n<span class=\"texto\">El Departamento de Comunicaci\u00f3n Social de la FADECS-UNCo informa que las I Jornadas de Iniciaci\u00f3n a la Investigaci\u00f3n en Comunicaci\u00f3n y Cultura se realizar\u00e1n el 21 de noviembre de 2019, como espacio de intercambio, reflexi\u00f3n y debate para estudiantes y graduadas\/os recientes en Comunicaci\u00f3n Social. En tal sentido, convocan a aquellas\/os interesadas\/os, en participar del evento, a presentar res\u00famenes en las siguientes mesas tem\u00e1ticas:<\/p>\n<p>1. Mesas tem\u00e1ticas<\/p>\n<p>1. An\u00e1lisis del discurso: sujetos y representaciones sociales<br \/>\n2. Comunicaci\u00f3n, g\u00e9neros y feminismos<br \/>\n3. Comunicaci\u00f3n popular, alternativa y comunitaria<br \/>\n4. Diagn\u00f3stico y planificaci\u00f3n en comunicaci\u00f3n de las organizaciones<br \/>\n5. Industrias Culturales, legislaci\u00f3n y pol\u00edticas de medios<br \/>\n6. Medios, tecnolog\u00edas y pr\u00e1cticas period\u00edsticas<\/p>\n<p>2. Plazos y requisitos de presentaci\u00f3n:<\/p>\n<p>La gesti\u00f3n de env\u00edo de res\u00famenes se realizar\u00e1 a trav\u00e9s del siguiente formulario:\u00a0<a href=\"https:\/\/l.facebook.com\/l.php?u=https%3A%2F%2Fforms.gle%2FfnxUuVcw4DggVFRL9%3Ffbclid%3DIwAR3YW9Uzi93ane2iOsuxDPSvIu4SNNuEMGszzBkhHGTbssnLSOdow6836ik&amp;h=AT3ey6B0Cqt6mFSa3yp9Je4WycHktn81qIJ_WbGG6QDECOMRxAceQZb3fy5RzcVBRjiu7BFvVCJBSvg7RVKpyLqosMv7u0oGK94DcniMfsVrCow3qaiXRn9iu3mNKVUEx-7zvw\" target=\"_blank\" rel=\"noopener\" data-lynx-mode=\"asynclazy\">https:\/\/forms.gle\/ fnxUuVcw4DggVFRL9<\/a><br \/>\nEnv\u00edo de res\u00famenes: desde el 9 al 30 de septiembre.l<br \/>\nEnv\u00edo de ponencias (monograf\u00edas, avances de tesis, trabajos diagn\u00f3sticos, presentaci\u00f3n de proyectos): desde el 7 de octubre al 28 de octubre.l<br \/>\nContacto\/consultas: <a href=\"mailto:juliakejner@gmail.com\">juliakejner@gmail.com<\/a> y\/o <a href=\"mailto:monasteriojulio@gmail.com\">monasteriojulio@gmail.com<\/a><\/p>\n<p>3. Res\u00famenes:<\/p>\n<p>Los res\u00famenes deben ser completados en forma individual y deber\u00e1n contener los siguientes datos: Apellido y nombre del\/la autor\/a o autoras\/es; T\u00edtulo de la ponencia; Mesa tem\u00e1tica y; Direcci\u00f3n de correo electr\u00f3nico.<br \/>\nDeber\u00e1n tener un m\u00ednimo de 300 palabras y un m\u00e1ximo de 450 palabras, con fuente Times New Roman 12, interlineado 1,5 y texto justificado.<br \/>\nEl resumen se podr\u00e1 organizar de la siguiente manera:<br \/>\n1- Presentaci\u00f3n del tema.<br \/>\n2- Encuadre te\u00f3rico<br \/>\n3- Objetivos<br \/>\n4- Metodolog\u00eda propuesta<br \/>\n5- Conclusiones<\/p>\n<p>4. Ponencias:<\/p>\n<p>Las ponencias deber\u00e1n enviarse en formato .doc o .odt, en hoja A4, con una extensi\u00f3n m\u00ednima de 8 p\u00e1ginas (incluyendo car\u00e1tula, notas y bibliograf\u00eda) y una m\u00e1xima de 15. Fuente Times New Roman tama\u00f1o 12, interlineado 1,5 y texto justificado. La bibliograf\u00eda deber\u00e1 ser citada de acuerdo a las normas de referencia APA. La car\u00e1tula consignar\u00e1 el nombre del\/la autor\/a o autoras\/es, de las Jornadas, de la mesa tem\u00e1tica y el correo electr\u00f3nico.<\/p>\n<p><strong>Organiza:<\/strong><br \/>\nProyecto de investigaci\u00f3n D112 Hegemon\u00eda y pr\u00e1cticas culturales: tensiones y antagonismos en el territorio de la Patagonia Norte<\/p>\n<p>Las I Jornadas de Iniciaci\u00f3n a la Investigaci\u00f3n en Comunicaci\u00f3n y Cultura cuentan con aval acad\u00e9mico e institucional otorgado mediante Resoluci\u00f3n N\u00b0 247\/19 CD-FADECS-UNCo<\/span><\/p>\n","protected":false},"excerpt":{"rendered":"<p>El Departamento de Comunicaci\u00f3n Social de la FADECS-UNCo informa que las I Jornadas de Iniciaci\u00f3n a la Investigaci\u00f3n en Comunicaci\u00f3n y Cultura se realizar\u00e1n el 21 de noviembre de 2019, como espacio de intercambio, reflexi\u00f3n y debate para estudiantes y graduadas\/os recientes en Comunicaci\u00f3n Social. En tal sentido, convocan a aquellas\/os interesadas\/os, en participar del [&hellip;]<\/p>\n","protected":false},"author":2,"featured_media":1710,"comment_status":"open","ping_status":"open","sticky":false,"template":"","format":"standard","meta":{"footnotes":""},"categories":[12,5],"tags":[],"class_list":["post-12406","post","type-post","status-publish","format-standard","has-post-thumbnail","hentry","category-12","category-notifadecs"],"_links":{"self":[{"href":"https:\/\/fadeweb.uncoma.edu.ar\/index.php\/wp-json\/wp\/v2\/posts\/12406","targetHints":{"allow":["GET"]}}],"collection":[{"href":"https:\/\/fadeweb.uncoma.edu.ar\/index.php\/wp-json\/wp\/v2\/posts"}],"about":[{"href":"https:\/\/fadeweb.uncoma.edu.ar\/index.php\/wp-json\/wp\/v2\/types\/post"}],"author":[{"embeddable":true,"href":"https:\/\/fadeweb.uncoma.edu.ar\/index.php\/wp-json\/wp\/v2\/users\/2"}],"replies":[{"embeddable":true,"href":"https:\/\/fadeweb.uncoma.edu.ar\/index.php\/wp-json\/wp\/v2\/comments?post=12406"}],"version-history":[{"count":1,"href":"https:\/\/fadeweb.uncoma.edu.ar\/index.php\/wp-json\/wp\/v2\/posts\/12406\/revisions"}],"predecessor-version":[{"id":12407,"href":"https:\/\/fadeweb.uncoma.edu.ar\/index.php\/wp-json\/wp\/v2\/posts\/12406\/revisions\/12407"}],"wp:featuredmedia":[{"embeddable":true,"href":"https:\/\/fadeweb.uncoma.edu.ar\/index.php\/wp-json\/wp\/v2\/media\/1710"}],"wp:attachment":[{"href":"https:\/\/fadeweb.uncoma.edu.ar\/index.php\/wp-json\/wp\/v2\/media?parent=12406"}],"wp:term":[{"taxonomy":"category","embeddable":true,"href":"https:\/\/fadeweb.uncoma.edu.ar\/index.php\/wp-json\/wp\/v2\/categories?post=12406"},{"taxonomy":"post_tag","embeddable":true,"href":"https:\/\/fadeweb.uncoma.edu.ar\/index.php\/wp-json\/wp\/v2\/tags?post=12406"}],"curies":[{"name":"wp","href":"https:\/\/api.w.org\/{rel}","templated":true}]}}