{"id":12403,"date":"2019-09-06T10:36:49","date_gmt":"2019-09-06T13:36:49","guid":{"rendered":"https:\/\/fadeweb.uncoma.edu.ar\/?p=12403"},"modified":"2022-12-13T10:37:20","modified_gmt":"2022-12-13T13:37:20","slug":"buenas-razones-para-vivir-los-viernes-universitarios-de-la-fadecs","status":"publish","type":"post","link":"https:\/\/fadeweb.uncoma.edu.ar\/index.php\/2019\/09\/06\/buenas-razones-para-vivir-los-viernes-universitarios-de-la-fadecs\/","title":{"rendered":"BUENAS RAZONES PARA VIVIR LOS \u00abVIERNES UNIVERSITARIOS\u00bb DE LA FADECS"},"content":{"rendered":"<p class=\"subt1\"><img fetchpriority=\"high\" decoding=\"async\" class=\"alignnone size-full wp-image-12404\" src=\"https:\/\/fadeweb.uncoma.edu.ar\/wp-content\/uploads\/2022\/12\/VU3-copia.jpg\" alt=\"\" width=\"800\" height=\"513\" srcset=\"https:\/\/fadeweb.uncoma.edu.ar\/wp-content\/uploads\/2022\/12\/VU3-copia.jpg 800w, https:\/\/fadeweb.uncoma.edu.ar\/wp-content\/uploads\/2022\/12\/VU3-copia-300x192.jpg 300w, https:\/\/fadeweb.uncoma.edu.ar\/wp-content\/uploads\/2022\/12\/VU3-copia-768x492.jpg 768w\" sizes=\"(max-width: 800px) 100vw, 800px\" \/><\/p>\n<p class=\"texto\">Un numeroso grupo de estudiantes de secundario recorri\u00f3 esta ma\u00f1ana la Facultad de Derecho y Ciencias Sociales inform\u00e1ndose y tomando contacto con algunos aspectos de la vida universitaria. La coordinadora Rita Bustos, del \u00e1rea de Orientaci\u00f3n Acad\u00e9mica, y \u00abManu\u00bb Fern\u00e1ndez del Centro de Estudiantes les dieron la bienvenida y los condujeron por las distintas dependencias de nuestra casa de estudios y los fueron introduciendo en las pautas comunes de de la vida del estudiante de la FADECS-UNCo.<\/p>\n<p class=\"texto\">Los estudiantes de 4\u00ba y 5\u00ba a\u00f1o de la ESRN 151 de General Roca, con radio en los barrios Villa Obrera y Bagliani, estuvieron acompa\u00f1ados por los docentes Julio Ruiz (referente TIC), Mariela G\u00f3mez (Econom\u00eda), Fabiola Arauz (Ciudadan\u00eda), Ramiro V\u00e1zquez (Ingl\u00e9s), Juan Mat\u00edas (F\u00edsica), Jazm\u00edn de Jes\u00fas (psic\u00f3loga, Referente de vida estudiantil) y Ra\u00fal Pepino (Director).<\/p>\n<p class=\"texto\">En la recorrida por las dependencias se los orient\u00f3 y se les brind\u00f3 informaci\u00f3n relacionada a las carreras, y sobre algunos aspectos que se le presentan al estudiante universitario, por caso se hizo referencia a ciertos mitos de la facultad como \u00ablo complicado que pueden ser las cursadas, el sentirse perdido en una ambiente en donde se es un n\u00famero m\u00e1s\u00bb.<\/p>\n<p class=\"texto\">\u00abEsto es precisamente un mito, por supuesto que hay dificultades, que las fotocopias cuestan, que el alquiler sube, pero aqu\u00ed ning\u00fan cuco se comi\u00f3 a un estudiante. Al contrario, se van a encontrar a personas maravillosas con las que podr\u00e1n generar lazos, nunca van a ser un n\u00famero y nunca van a estar solos, van a estar con otros chicos y van a generar grupos de estudio. No podr\u00e1n escapar del proceso cola\/silla, pero si establecer v\u00ednculos con los profesores y empezar a aprender en &#8216;la \u00e9poca m\u00e1s maravillosa de la vida, la de estudiante universitario\u00bb.<\/p>\n","protected":false},"excerpt":{"rendered":"<p>Un numeroso grupo de estudiantes de secundario recorri\u00f3 esta ma\u00f1ana la Facultad de Derecho y Ciencias Sociales inform\u00e1ndose y tomando contacto con algunos aspectos de la vida universitaria. La coordinadora Rita Bustos, del \u00e1rea de Orientaci\u00f3n Acad\u00e9mica, y \u00abManu\u00bb Fern\u00e1ndez del Centro de Estudiantes les dieron la bienvenida y los condujeron por las distintas dependencias [&hellip;]<\/p>\n","protected":false},"author":2,"featured_media":12404,"comment_status":"open","ping_status":"open","sticky":false,"template":"","format":"standard","meta":{"footnotes":""},"categories":[12,5],"tags":[],"class_list":["post-12403","post","type-post","status-publish","format-standard","has-post-thumbnail","hentry","category-12","category-notifadecs"],"_links":{"self":[{"href":"https:\/\/fadeweb.uncoma.edu.ar\/index.php\/wp-json\/wp\/v2\/posts\/12403","targetHints":{"allow":["GET"]}}],"collection":[{"href":"https:\/\/fadeweb.uncoma.edu.ar\/index.php\/wp-json\/wp\/v2\/posts"}],"about":[{"href":"https:\/\/fadeweb.uncoma.edu.ar\/index.php\/wp-json\/wp\/v2\/types\/post"}],"author":[{"embeddable":true,"href":"https:\/\/fadeweb.uncoma.edu.ar\/index.php\/wp-json\/wp\/v2\/users\/2"}],"replies":[{"embeddable":true,"href":"https:\/\/fadeweb.uncoma.edu.ar\/index.php\/wp-json\/wp\/v2\/comments?post=12403"}],"version-history":[{"count":1,"href":"https:\/\/fadeweb.uncoma.edu.ar\/index.php\/wp-json\/wp\/v2\/posts\/12403\/revisions"}],"predecessor-version":[{"id":12405,"href":"https:\/\/fadeweb.uncoma.edu.ar\/index.php\/wp-json\/wp\/v2\/posts\/12403\/revisions\/12405"}],"wp:featuredmedia":[{"embeddable":true,"href":"https:\/\/fadeweb.uncoma.edu.ar\/index.php\/wp-json\/wp\/v2\/media\/12404"}],"wp:attachment":[{"href":"https:\/\/fadeweb.uncoma.edu.ar\/index.php\/wp-json\/wp\/v2\/media?parent=12403"}],"wp:term":[{"taxonomy":"category","embeddable":true,"href":"https:\/\/fadeweb.uncoma.edu.ar\/index.php\/wp-json\/wp\/v2\/categories?post=12403"},{"taxonomy":"post_tag","embeddable":true,"href":"https:\/\/fadeweb.uncoma.edu.ar\/index.php\/wp-json\/wp\/v2\/tags?post=12403"}],"curies":[{"name":"wp","href":"https:\/\/api.w.org\/{rel}","templated":true}]}}