{"id":12400,"date":"2019-09-06T10:34:35","date_gmt":"2019-09-06T13:34:35","guid":{"rendered":"https:\/\/fadeweb.uncoma.edu.ar\/?p=12400"},"modified":"2022-12-13T10:35:06","modified_gmt":"2022-12-13T13:35:06","slug":"las-autoridades-de-la-fadecs-se-reunieron-con-el-secretario-de-extension-de-la-unco","status":"publish","type":"post","link":"https:\/\/fadeweb.uncoma.edu.ar\/index.php\/2019\/09\/06\/las-autoridades-de-la-fadecs-se-reunieron-con-el-secretario-de-extension-de-la-unco\/","title":{"rendered":"LAS AUTORIDADES DE LA FADECS SE REUNIERON CON EL SECRETARIO DE EXTENSI\u00d3N DE LA UNCO"},"content":{"rendered":"<p class=\"subt1\"><img fetchpriority=\"high\" decoding=\"async\" class=\"alignnone size-full wp-image-12401\" src=\"https:\/\/fadeweb.uncoma.edu.ar\/wp-content\/uploads\/2022\/12\/xx-copia.jpg\" alt=\"\" width=\"800\" height=\"422\" srcset=\"https:\/\/fadeweb.uncoma.edu.ar\/wp-content\/uploads\/2022\/12\/xx-copia.jpg 800w, https:\/\/fadeweb.uncoma.edu.ar\/wp-content\/uploads\/2022\/12\/xx-copia-300x158.jpg 300w, https:\/\/fadeweb.uncoma.edu.ar\/wp-content\/uploads\/2022\/12\/xx-copia-768x405.jpg 768w\" sizes=\"(max-width: 800px) 100vw, 800px\" \/><\/p>\n<p class=\"texto\">El Decano de la Facultad de Derecho y Ciencias Sociales Lic. Andr\u00e9s Ponce de Le\u00f3n, acompa\u00f1ado por la Vicedecana Abog. Mar\u00eda Raquel Calvo, la Secretaria de Ciencia y T\u00e9cnica Mg. Cecilia Beit\u00eda, y el profesor adjunto de Derecho Constitucional Abog. Federico Ambroggio se reunieron con el Secretario de Extensi\u00f3n de la Universidad Nacional del Comahue Mg. Gustavo Ferreyra para analizar distintos temas del \u00e1rea.<\/p>\n<p class=\"texto\">Entre las cuestiones que se abordaron se mencion\u00f3 la puesta en marcha del Curso Homenaje a \u2018La Constituci\u00f3n de 1949: An\u00e1lisis pol\u00edtico, hist\u00f3rico, jur\u00eddico y filos\u00f3fico\u2019, una propuesta del equipo de c\u00e1tedra de la Dra. Graciana Pe\u00f1afort, con un destacado equipo docente integrado, entre otros, por Dora Barrancos, Ra\u00fal Zaffaroni, Beatriz Gentile, Julio Maier, Myriam Bregman, Mario Wainfeld, Alcira Argumedo, Rafael Bielsa, Soledad Mart\u00ednez, Horacio Gonz\u00e1lez, Paula Arraigada, Eduardo Menem, Pino Solanas, Cristina \u00c1lvarez Rodr\u00edguez, Juan Pablo Cafiero, Felipe Pigna, Mara Brawer, Jorge Cholvis, Lucila Larrandart, Ricardo Alfons\u00edn, Federico Delgado y Gustavo Arballo.<\/p>\n<p class=\"texto\">A esta iniciativa se va a incorporar la C\u00e1tedra de Derecho Constitucional y se har\u00e1 extensiva la invitaci\u00f3n a formar parte del nodo local a los colegios de abogados de la zona.<\/p>\n<p>Tambi\u00e9n evalu\u00f3 el avance del proyecto de Extensi\u00f3n que puso en funcionamiento, con mucho impacto en la sociedad, el \u2018Observatorio de pol\u00edticas p\u00fablicas para adultos mayores\u2019.<\/p>\n<p class=\"texto\">Esta actividad viene promoviendo en Roca, con distintas acciones p\u00fablicas de difusi\u00f3n de derechos de los adultos mayores, y en la pr\u00f3xima sesi\u00f3n de la Legislatura de R\u00edo Negro se tratar\u00e1 su declaraci\u00f3n de inter\u00e9s provincial.<\/p>\n<p class=\"texto\">La directora del Observatorio, la Vicedecana Calvo se\u00f1al\u00f3 que \u00abhan recibido pedidos para brindar algunas de las charlas en Neuqu\u00e9n capital, las que se van a organizar en forma conjunta con el Programa de Adultos Mayores, que depende de la Secretar\u00eda de Extensi\u00f3n\u00bb.<\/p>\n","protected":false},"excerpt":{"rendered":"<p>El Decano de la Facultad de Derecho y Ciencias Sociales Lic. Andr\u00e9s Ponce de Le\u00f3n, acompa\u00f1ado por la Vicedecana Abog. Mar\u00eda Raquel Calvo, la Secretaria de Ciencia y T\u00e9cnica Mg. Cecilia Beit\u00eda, y el profesor adjunto de Derecho Constitucional Abog. Federico Ambroggio se reunieron con el Secretario de Extensi\u00f3n de la Universidad Nacional del Comahue [&hellip;]<\/p>\n","protected":false},"author":2,"featured_media":12401,"comment_status":"open","ping_status":"open","sticky":false,"template":"","format":"standard","meta":{"footnotes":""},"categories":[12,5],"tags":[],"class_list":["post-12400","post","type-post","status-publish","format-standard","has-post-thumbnail","hentry","category-12","category-notifadecs"],"_links":{"self":[{"href":"https:\/\/fadeweb.uncoma.edu.ar\/index.php\/wp-json\/wp\/v2\/posts\/12400","targetHints":{"allow":["GET"]}}],"collection":[{"href":"https:\/\/fadeweb.uncoma.edu.ar\/index.php\/wp-json\/wp\/v2\/posts"}],"about":[{"href":"https:\/\/fadeweb.uncoma.edu.ar\/index.php\/wp-json\/wp\/v2\/types\/post"}],"author":[{"embeddable":true,"href":"https:\/\/fadeweb.uncoma.edu.ar\/index.php\/wp-json\/wp\/v2\/users\/2"}],"replies":[{"embeddable":true,"href":"https:\/\/fadeweb.uncoma.edu.ar\/index.php\/wp-json\/wp\/v2\/comments?post=12400"}],"version-history":[{"count":1,"href":"https:\/\/fadeweb.uncoma.edu.ar\/index.php\/wp-json\/wp\/v2\/posts\/12400\/revisions"}],"predecessor-version":[{"id":12402,"href":"https:\/\/fadeweb.uncoma.edu.ar\/index.php\/wp-json\/wp\/v2\/posts\/12400\/revisions\/12402"}],"wp:featuredmedia":[{"embeddable":true,"href":"https:\/\/fadeweb.uncoma.edu.ar\/index.php\/wp-json\/wp\/v2\/media\/12401"}],"wp:attachment":[{"href":"https:\/\/fadeweb.uncoma.edu.ar\/index.php\/wp-json\/wp\/v2\/media?parent=12400"}],"wp:term":[{"taxonomy":"category","embeddable":true,"href":"https:\/\/fadeweb.uncoma.edu.ar\/index.php\/wp-json\/wp\/v2\/categories?post=12400"},{"taxonomy":"post_tag","embeddable":true,"href":"https:\/\/fadeweb.uncoma.edu.ar\/index.php\/wp-json\/wp\/v2\/tags?post=12400"}],"curies":[{"name":"wp","href":"https:\/\/api.w.org\/{rel}","templated":true}]}}