{"id":12268,"date":"2019-09-23T08:38:29","date_gmt":"2019-09-23T11:38:29","guid":{"rendered":"https:\/\/fadeweb.uncoma.edu.ar\/?p=12268"},"modified":"2022-12-13T08:38:56","modified_gmt":"2022-12-13T11:38:56","slug":"jornada-informativa-sobre-sistema-de-radicacion-a-distancia-2","status":"publish","type":"post","link":"https:\/\/fadeweb.uncoma.edu.ar\/index.php\/2019\/09\/23\/jornada-informativa-sobre-sistema-de-radicacion-a-distancia-2\/","title":{"rendered":"JORNADA INFORMATIVA SOBRE SISTEMA DE RADICACI\u00d3N A DISTANCIA"},"content":{"rendered":"<p class=\"subt1\"><img fetchpriority=\"high\" decoding=\"async\" class=\"alignnone size-large wp-image-12248\" src=\"https:\/\/fadeweb.uncoma.edu.ar\/wp-content\/uploads\/2022\/12\/radex-1024x683.jpg\" alt=\"\" width=\"800\" height=\"534\" srcset=\"https:\/\/fadeweb.uncoma.edu.ar\/wp-content\/uploads\/2022\/12\/radex-1024x683.jpg 1024w, https:\/\/fadeweb.uncoma.edu.ar\/wp-content\/uploads\/2022\/12\/radex-300x200.jpg 300w, https:\/\/fadeweb.uncoma.edu.ar\/wp-content\/uploads\/2022\/12\/radex-768x512.jpg 768w, https:\/\/fadeweb.uncoma.edu.ar\/wp-content\/uploads\/2022\/12\/radex-1536x1024.jpg 1536w, https:\/\/fadeweb.uncoma.edu.ar\/wp-content\/uploads\/2022\/12\/radex-2048x1365.jpg 2048w\" sizes=\"(max-width: 800px) 100vw, 800px\" \/><\/p>\n<p class=\"texto\">La Secretaria de Extensi\u00f3n y la Delegaci\u00f3n de Migraciones de Neuqu\u00e9n convocan a migrantes y personas interesadas en el uso del sistema a trav\u00e9s de Internet para iniciar la radicaci\u00f3n a distancia (RADEX) e informar sobre los procedimientos, tipos de documentaci\u00f3n necesarias para efectuar los tr\u00e1mites pertinentes a cada situaci\u00f3n y evacuar dudas y consultas frecuentes en la tem\u00e1tica.<\/p>\n<p class=\"texto\">La jornada se llevar\u00e1 a cabo el jueves 26 de septiembre a las 16 horas en el aula 34 de la Facultad de Derecho y Ciencias Sociales de la Universidad Nacional del Comahue, con sede en General Roca, y estar\u00e1 a cargo de personal de la Delegaci\u00f3n de Migraciones Neuqu\u00e9n.<\/p>\n<p><span class=\"texto\">Consultas e inscripciones en la Secretar\u00eda de Extensi\u00f3n y Asuntos Estudiantiles de 8 a 13 o al correo inscripciones.extensionfadecs@gmail.com<\/span><\/p>\n","protected":false},"excerpt":{"rendered":"<p>La Secretaria de Extensi\u00f3n y la Delegaci\u00f3n de Migraciones de Neuqu\u00e9n convocan a migrantes y personas interesadas en el uso del sistema a trav\u00e9s de Internet para iniciar la radicaci\u00f3n a distancia (RADEX) e informar sobre los procedimientos, tipos de documentaci\u00f3n necesarias para efectuar los tr\u00e1mites pertinentes a cada situaci\u00f3n y evacuar dudas y consultas [&hellip;]<\/p>\n","protected":false},"author":2,"featured_media":12248,"comment_status":"open","ping_status":"open","sticky":false,"template":"","format":"standard","meta":{"footnotes":""},"categories":[12,5],"tags":[],"class_list":["post-12268","post","type-post","status-publish","format-standard","has-post-thumbnail","hentry","category-12","category-notifadecs"],"_links":{"self":[{"href":"https:\/\/fadeweb.uncoma.edu.ar\/index.php\/wp-json\/wp\/v2\/posts\/12268","targetHints":{"allow":["GET"]}}],"collection":[{"href":"https:\/\/fadeweb.uncoma.edu.ar\/index.php\/wp-json\/wp\/v2\/posts"}],"about":[{"href":"https:\/\/fadeweb.uncoma.edu.ar\/index.php\/wp-json\/wp\/v2\/types\/post"}],"author":[{"embeddable":true,"href":"https:\/\/fadeweb.uncoma.edu.ar\/index.php\/wp-json\/wp\/v2\/users\/2"}],"replies":[{"embeddable":true,"href":"https:\/\/fadeweb.uncoma.edu.ar\/index.php\/wp-json\/wp\/v2\/comments?post=12268"}],"version-history":[{"count":1,"href":"https:\/\/fadeweb.uncoma.edu.ar\/index.php\/wp-json\/wp\/v2\/posts\/12268\/revisions"}],"predecessor-version":[{"id":12269,"href":"https:\/\/fadeweb.uncoma.edu.ar\/index.php\/wp-json\/wp\/v2\/posts\/12268\/revisions\/12269"}],"wp:featuredmedia":[{"embeddable":true,"href":"https:\/\/fadeweb.uncoma.edu.ar\/index.php\/wp-json\/wp\/v2\/media\/12248"}],"wp:attachment":[{"href":"https:\/\/fadeweb.uncoma.edu.ar\/index.php\/wp-json\/wp\/v2\/media?parent=12268"}],"wp:term":[{"taxonomy":"category","embeddable":true,"href":"https:\/\/fadeweb.uncoma.edu.ar\/index.php\/wp-json\/wp\/v2\/categories?post=12268"},{"taxonomy":"post_tag","embeddable":true,"href":"https:\/\/fadeweb.uncoma.edu.ar\/index.php\/wp-json\/wp\/v2\/tags?post=12268"}],"curies":[{"name":"wp","href":"https:\/\/api.w.org\/{rel}","templated":true}]}}