{"id":12006,"date":"2019-10-28T08:08:33","date_gmt":"2019-10-28T11:08:33","guid":{"rendered":"https:\/\/fadeweb.uncoma.edu.ar\/?p=12006"},"modified":"2022-12-12T08:09:06","modified_gmt":"2022-12-12T11:09:06","slug":"firmaron-una-carta-de-intencion-entre-la-universidad-nacional-del-comahue-y-amelica","status":"publish","type":"post","link":"https:\/\/fadeweb.uncoma.edu.ar\/index.php\/2019\/10\/28\/firmaron-una-carta-de-intencion-entre-la-universidad-nacional-del-comahue-y-amelica\/","title":{"rendered":"FIRMARON UNA CARTA DE INTENCI\u00d3N ENTRE LA UNIVERSIDAD NACIONAL DEL COMAHUE Y AMELICA"},"content":{"rendered":"<p class=\"subt1\"><img fetchpriority=\"high\" decoding=\"async\" class=\"alignnone size-large wp-image-12007\" src=\"https:\/\/fadeweb.uncoma.edu.ar\/wp-content\/uploads\/2022\/12\/firma-1024x506.jpg\" alt=\"\" width=\"800\" height=\"395\" srcset=\"https:\/\/fadeweb.uncoma.edu.ar\/wp-content\/uploads\/2022\/12\/firma-1024x506.jpg 1024w, https:\/\/fadeweb.uncoma.edu.ar\/wp-content\/uploads\/2022\/12\/firma-300x148.jpg 300w, https:\/\/fadeweb.uncoma.edu.ar\/wp-content\/uploads\/2022\/12\/firma-768x379.jpg 768w, https:\/\/fadeweb.uncoma.edu.ar\/wp-content\/uploads\/2022\/12\/firma-1536x758.jpg 1536w, https:\/\/fadeweb.uncoma.edu.ar\/wp-content\/uploads\/2022\/12\/firma.jpg 1847w\" sizes=\"(max-width: 800px) 100vw, 800px\" \/><\/p>\n<p class=\"texto\">El Lic. Gustavo Crisafulli, Rector de la Universidad Nacional\u00a0del Comahue, expres\u00f3 el mi\u00e9rcoles 25 de octubre la intenci\u00f3n de colaborar en la construcci\u00f3n de Ameli, Conocimiento Abierto para Am\u00e9rica Latina y el Sur Global (AmeliCA) para el fortalecimiento del Acceso Abierto, no comercial y gratuito, al conocimiento, sus canales y sus actores, en el Sur Global.<\/p>\n<p class=\"texto\">Mediante la carta de intenci\u00f3n, la casa de altos estudios manifest\u00f3 que comparte con AmeliCA la visi\u00f3n de la Agenda 2030 de la Organizaci\u00f3n de las Naciones Unidas (ONU), referente \u00e9tico y pol\u00edtico que motiva la labor de ambas partes. En general, con el trabajo conjunto que se pretende, se busca aportar a los 17 Objetivos para el Desarrollo Sustentable. Adem\u00e1s, la UNCo se compromete a desarrollar la construcci\u00f3n colectiva del conocimiento, a partir de una colaboraci\u00f3n institucional basada en la confianza mutua.<\/p>\n<p class=\"texto\">La Red\u00a0de Revistas Cient\u00edficas de Am\u00e9rica Latina y el Caribe, Espa\u00f1a y Portugal (Redalyc) ha transferido tecnolog\u00eda y aporta sus servidores para sostener inicialmente la plataforma AmeliCA. La Universidad Nacional del Comahue reconoce a AmeliCA como una propuesta latinoamericana y del Sur Global, para visibilizar la producci\u00f3n acad\u00e9mica que se realiza en nuestros pa\u00edses y como una oportunidad estrat\u00e9gica para desarrollar sistemas de informaci\u00f3n, medici\u00f3n y evaluaci\u00f3n adecuadas a las caracter\u00edsticas de la regi\u00f3n; por lo que permitir\u00e1 trabajar en forma colaborativa y sustentable para promover la Ciencia Abierta y reducir las brechas a trav\u00e9s del Acceso Abierto al conocimiento.<\/p>\n<p class=\"texto\"><strong>JORNADA DE ACTUALIZACI\u00d3N EN EDICI\u00d3N CIENT\u00cdFICA<\/strong><\/p>\n<p class=\"texto\">En el marco de la firma, se realiz\u00f3 la Jornada de Actualizaci\u00f3n en Edici\u00f3n Cient\u00edfica \u00abLa Edici\u00f3n Cient\u00edfica en el contexto local y sus perspectivas en la nueva configuraci\u00f3n internacional\u00bb, a cargo del Dr. Guillermo Banzato, organizada por las Secretar\u00edas de Ciencia y T\u00e9cnica de la Facultad de Humanidades, la Facultad de Econom\u00eda y Administraci\u00f3n y la Biblioteca Central de la Universidad Nacional del Comahue. Asistieron al encuentro la Directora de la Revista de la FADECS-UNCo (En)clave Comahue Cristina Garc\u00eda V\u00e1zquez, la Coordinaci\u00f3n Ejecutiva de Publifadecs Dis. Viviana Garc\u00eda, y los editores por Publifadecs el Com. Soc. Adri\u00e1n Pereyra, y por la FADEL el Bib. Silverio Ortiz.<\/p>\n","protected":false},"excerpt":{"rendered":"<p>El Lic. Gustavo Crisafulli, Rector de la Universidad Nacional\u00a0del Comahue, expres\u00f3 el mi\u00e9rcoles 25 de octubre la intenci\u00f3n de colaborar en la construcci\u00f3n de Ameli, Conocimiento Abierto para Am\u00e9rica Latina y el Sur Global (AmeliCA) para el fortalecimiento del Acceso Abierto, no comercial y gratuito, al conocimiento, sus canales y sus actores, en el Sur [&hellip;]<\/p>\n","protected":false},"author":2,"featured_media":12007,"comment_status":"open","ping_status":"open","sticky":false,"template":"","format":"standard","meta":{"footnotes":""},"categories":[12,5],"tags":[],"class_list":["post-12006","post","type-post","status-publish","format-standard","has-post-thumbnail","hentry","category-12","category-notifadecs"],"_links":{"self":[{"href":"https:\/\/fadeweb.uncoma.edu.ar\/index.php\/wp-json\/wp\/v2\/posts\/12006","targetHints":{"allow":["GET"]}}],"collection":[{"href":"https:\/\/fadeweb.uncoma.edu.ar\/index.php\/wp-json\/wp\/v2\/posts"}],"about":[{"href":"https:\/\/fadeweb.uncoma.edu.ar\/index.php\/wp-json\/wp\/v2\/types\/post"}],"author":[{"embeddable":true,"href":"https:\/\/fadeweb.uncoma.edu.ar\/index.php\/wp-json\/wp\/v2\/users\/2"}],"replies":[{"embeddable":true,"href":"https:\/\/fadeweb.uncoma.edu.ar\/index.php\/wp-json\/wp\/v2\/comments?post=12006"}],"version-history":[{"count":1,"href":"https:\/\/fadeweb.uncoma.edu.ar\/index.php\/wp-json\/wp\/v2\/posts\/12006\/revisions"}],"predecessor-version":[{"id":12008,"href":"https:\/\/fadeweb.uncoma.edu.ar\/index.php\/wp-json\/wp\/v2\/posts\/12006\/revisions\/12008"}],"wp:featuredmedia":[{"embeddable":true,"href":"https:\/\/fadeweb.uncoma.edu.ar\/index.php\/wp-json\/wp\/v2\/media\/12007"}],"wp:attachment":[{"href":"https:\/\/fadeweb.uncoma.edu.ar\/index.php\/wp-json\/wp\/v2\/media?parent=12006"}],"wp:term":[{"taxonomy":"category","embeddable":true,"href":"https:\/\/fadeweb.uncoma.edu.ar\/index.php\/wp-json\/wp\/v2\/categories?post=12006"},{"taxonomy":"post_tag","embeddable":true,"href":"https:\/\/fadeweb.uncoma.edu.ar\/index.php\/wp-json\/wp\/v2\/tags?post=12006"}],"curies":[{"name":"wp","href":"https:\/\/api.w.org\/{rel}","templated":true}]}}