{"id":11963,"date":"2022-12-07T11:59:18","date_gmt":"2022-12-07T14:59:18","guid":{"rendered":"https:\/\/fadeweb.uncoma.edu.ar\/?p=11963"},"modified":"2022-12-07T11:59:18","modified_gmt":"2022-12-07T14:59:18","slug":"nueva-biblioteca-comunitaria-en-barrio-nuevo-nace-a-partir-de-proyecto-de-extension","status":"publish","type":"post","link":"https:\/\/fadeweb.uncoma.edu.ar\/index.php\/2022\/12\/07\/nueva-biblioteca-comunitaria-en-barrio-nuevo-nace-a-partir-de-proyecto-de-extension\/","title":{"rendered":"NUEVA BIBLIOTECA COMUNITARIA EN BARRIO NUEVO, NACE A PARTIR DE PROYECTO DE EXTENSI\u00d3N"},"content":{"rendered":"<p><img fetchpriority=\"high\" decoding=\"async\" class=\"alignnone wp-image-11964 alignleft\" src=\"https:\/\/fadeweb.uncoma.edu.ar\/wp-content\/uploads\/2022\/12\/bib-1-1024x876.jpg\" alt=\"\" width=\"584\" height=\"500\" srcset=\"https:\/\/fadeweb.uncoma.edu.ar\/wp-content\/uploads\/2022\/12\/bib-1-1024x876.jpg 1024w, https:\/\/fadeweb.uncoma.edu.ar\/wp-content\/uploads\/2022\/12\/bib-1-300x257.jpg 300w, https:\/\/fadeweb.uncoma.edu.ar\/wp-content\/uploads\/2022\/12\/bib-1-768x657.jpg 768w, https:\/\/fadeweb.uncoma.edu.ar\/wp-content\/uploads\/2022\/12\/bib-1.jpg 1080w\" sizes=\"(max-width: 584px) 100vw, 584px\" \/> <img decoding=\"async\" class=\"alignnone wp-image-11965 alignleft\" src=\"https:\/\/fadeweb.uncoma.edu.ar\/wp-content\/uploads\/2022\/12\/bib-2-1024x771.jpg\" alt=\"\" width=\"664\" height=\"500\" srcset=\"https:\/\/fadeweb.uncoma.edu.ar\/wp-content\/uploads\/2022\/12\/bib-2-1024x771.jpg 1024w, https:\/\/fadeweb.uncoma.edu.ar\/wp-content\/uploads\/2022\/12\/bib-2-300x226.jpg 300w, https:\/\/fadeweb.uncoma.edu.ar\/wp-content\/uploads\/2022\/12\/bib-2-768x578.jpg 768w, https:\/\/fadeweb.uncoma.edu.ar\/wp-content\/uploads\/2022\/12\/bib-2.jpg 1080w\" sizes=\"(max-width: 664px) 100vw, 664px\" \/><\/p>\n<p style=\"text-align: left;\">Se inaugur\u00f3 la biblioteca comunitaria que funciona en el Centro Integrador Municipal de Barrio Nuevo, en General Roca, con la presencia de autoridades municipales y de la FADECS, e integrantes del proyecto de extensi\u00f3n que concretaron la iniciativa.<\/p>\n<p style=\"text-align: left;\">El acto realizado este mi\u00e9rcoles 7 de diciembre es un paso m\u00e1s en el marco del Proyecto de Extensi\u00f3n \u00abBarrios con v\u00ednculos, identidad y derechos\u00bb (Ord. N\u00ba 846).<\/p>\n<p style=\"text-align: left;\">\u00abLa intenci\u00f3n es que el barrio se apropie del espacio de lectura, dijo la docente y directora del proyecto, Ana Calafat, que se puedan llevar los libros a su casa y les sea \u00fatil como lugar de libro acceso y de circulaci\u00f3n en el marco del funcionamiento de los talleres que funcionan en el CIM\u00bb.<\/p>\n<p style=\"text-align: left;\">En las palabras de apertura, la estudiante Romina Carrasco dijo que \u00abhay mucha gente atr\u00e1s del proyecto, con el sost\u00e9n de Ana Calafat, y con el objetivo de que los vecinos de barrio Nuevo puedan retirar y traer en forma continua los libros, que los ni\u00f1os puedan acceder a la biblioteca\u00bb.<\/p>\n<p style=\"text-align: left;\">La Secretaria de Extensi\u00f3n Abog. Sof\u00eda Szechenyi agradeci\u00f3 y reconoci\u00f3 \u00aba las y los estudiantes que trabajan en el proyecto, que abarca tutor\u00edas en el Servicio Penitenciario N\u00ba 2, Asesor\u00edas Jur\u00eddicas Gratuitas que funcionan en General Roca y alrededores, como en la biblioteca comunitaria, en la que colabor\u00f3 toda la comunidad con donaciones. Los aliento a que sigan trabajando con ese compromiso, a Ana Calafat, docente de nuestra facultad, que tiene mucha militancia y trabajo extensionista con la comunidad\u00bb.<\/p>\n<p style=\"text-align: left;\">La Intendenta Municipal Mar\u00eda Emilia Soria agradeci\u00f3 \u00abque los vecinos puedan tener a mano los libros, en sus esperas para realizar tr\u00e1mites en el CIM, como en los talleres al que las vecinas y los vecinos vienen con sus hijos. Que esta mesa y este lugar sea ese espacio de contenci\u00f3n, de esparcimiento, de tenencia y contacto con el libro. Hoy el acceso a la lectura es un derecho b\u00e1sico, y muchas veces parece tan lejano\u00bb.<\/p>\n<p style=\"text-align: left;\">En las palabras de inauguraci\u00f3n, se tuvo un recuerdo especial para Manuel Arequito, graduado de nuestra casa de estudios fallecido en forma reciente, y se decidi\u00f3 que la biblioteca inaugurada hoy lleve su nombre en reconocimiento a su militancia y trabajo permanente con la comunidad.<\/p>\n<p style=\"text-align: left;\">El equipo de trabajo que lleva adelante el Proyecto de Extensi\u00f3n \u00abBarrios con v\u00ednculos, identidad y derechos\u00bb (Ord. N\u00ba 846) est\u00e1 conformado por estudiantes, graduadas y graduados y docentes de nuestra casa de estudios.<\/p>\n","protected":false},"excerpt":{"rendered":"<p>Se inaugur\u00f3 la biblioteca comunitaria que funciona en el Centro Integrador Municipal de Barrio Nuevo, en General Roca, con la presencia de autoridades municipales y de la FADECS, e integrantes del proyecto de extensi\u00f3n que concretaron la iniciativa. El acto realizado este mi\u00e9rcoles 7 de diciembre es un paso m\u00e1s en el marco del Proyecto [&hellip;]<\/p>\n","protected":false},"author":4,"featured_media":11964,"comment_status":"open","ping_status":"open","sticky":false,"template":"","format":"standard","meta":{"footnotes":""},"categories":[14,79,5,36],"tags":[],"class_list":["post-11963","post","type-post","status-publish","format-standard","has-post-thumbnail","hentry","category-14","category-extension","category-notifadecs","category-proyectos-extension"],"_links":{"self":[{"href":"https:\/\/fadeweb.uncoma.edu.ar\/index.php\/wp-json\/wp\/v2\/posts\/11963","targetHints":{"allow":["GET"]}}],"collection":[{"href":"https:\/\/fadeweb.uncoma.edu.ar\/index.php\/wp-json\/wp\/v2\/posts"}],"about":[{"href":"https:\/\/fadeweb.uncoma.edu.ar\/index.php\/wp-json\/wp\/v2\/types\/post"}],"author":[{"embeddable":true,"href":"https:\/\/fadeweb.uncoma.edu.ar\/index.php\/wp-json\/wp\/v2\/users\/4"}],"replies":[{"embeddable":true,"href":"https:\/\/fadeweb.uncoma.edu.ar\/index.php\/wp-json\/wp\/v2\/comments?post=11963"}],"version-history":[{"count":1,"href":"https:\/\/fadeweb.uncoma.edu.ar\/index.php\/wp-json\/wp\/v2\/posts\/11963\/revisions"}],"predecessor-version":[{"id":11966,"href":"https:\/\/fadeweb.uncoma.edu.ar\/index.php\/wp-json\/wp\/v2\/posts\/11963\/revisions\/11966"}],"wp:featuredmedia":[{"embeddable":true,"href":"https:\/\/fadeweb.uncoma.edu.ar\/index.php\/wp-json\/wp\/v2\/media\/11964"}],"wp:attachment":[{"href":"https:\/\/fadeweb.uncoma.edu.ar\/index.php\/wp-json\/wp\/v2\/media?parent=11963"}],"wp:term":[{"taxonomy":"category","embeddable":true,"href":"https:\/\/fadeweb.uncoma.edu.ar\/index.php\/wp-json\/wp\/v2\/categories?post=11963"},{"taxonomy":"post_tag","embeddable":true,"href":"https:\/\/fadeweb.uncoma.edu.ar\/index.php\/wp-json\/wp\/v2\/tags?post=11963"}],"curies":[{"name":"wp","href":"https:\/\/api.w.org\/{rel}","templated":true}]}}