{"id":11961,"date":"2022-12-06T10:11:36","date_gmt":"2022-12-06T13:11:36","guid":{"rendered":"https:\/\/fadeweb.uncoma.edu.ar\/?p=11961"},"modified":"2022-12-06T10:11:36","modified_gmt":"2022-12-06T13:11:36","slug":"llamado-a-inscripciones-curso-de-posgrado-virtual-derecho-constitucional-federalismo-y-derecho-provincial-2","status":"publish","type":"post","link":"https:\/\/fadeweb.uncoma.edu.ar\/index.php\/2022\/12\/06\/llamado-a-inscripciones-curso-de-posgrado-virtual-derecho-constitucional-federalismo-y-derecho-provincial-2\/","title":{"rendered":"LLAMADO A INSCRIPCIONES &#8211; CURSO DE POSGRADO VIRTUAL \u201cDERECHO CONSTITUCIONAL, FEDERALISMO Y DERECHO PROVINCIAL\u201d"},"content":{"rendered":"<p><img fetchpriority=\"high\" decoding=\"async\" class=\"alignnone wp-image-11379\" src=\"https:\/\/fadeweb.uncoma.edu.ar\/wp-content\/uploads\/2022\/11\/DERECHO-CONSTITUCIONAL-FEDERALISMO-Y-DERECHO-PROVINCIAL-1024x1024.png\" alt=\"\" width=\"600\" height=\"600\" srcset=\"https:\/\/fadeweb.uncoma.edu.ar\/wp-content\/uploads\/2022\/11\/DERECHO-CONSTITUCIONAL-FEDERALISMO-Y-DERECHO-PROVINCIAL-1024x1024.png 1024w, https:\/\/fadeweb.uncoma.edu.ar\/wp-content\/uploads\/2022\/11\/DERECHO-CONSTITUCIONAL-FEDERALISMO-Y-DERECHO-PROVINCIAL-300x300.png 300w, https:\/\/fadeweb.uncoma.edu.ar\/wp-content\/uploads\/2022\/11\/DERECHO-CONSTITUCIONAL-FEDERALISMO-Y-DERECHO-PROVINCIAL-150x150.png 150w, https:\/\/fadeweb.uncoma.edu.ar\/wp-content\/uploads\/2022\/11\/DERECHO-CONSTITUCIONAL-FEDERALISMO-Y-DERECHO-PROVINCIAL-768x768.png 768w, https:\/\/fadeweb.uncoma.edu.ar\/wp-content\/uploads\/2022\/11\/DERECHO-CONSTITUCIONAL-FEDERALISMO-Y-DERECHO-PROVINCIAL.png 1080w\" sizes=\"(max-width: 600px) 100vw, 600px\" \/><\/p>\n<p><a href=\"http:\/\/listas.uncoma.edu.ar\/lists\/lt.php?id=LB9TDVNWAExSBAMBCktXAFVTAA\" target=\"_blank\" rel=\"noopener\">Res. FADECS 843\/22<\/a><\/p>\n<p>El Departamento de Posgrado de la Facultad de Derecho y Ciencias Sociales &#8211; Universidad Nacional del<br \/>\nComahue informa que se encuentra abierto el llamado a inscripciones para el Curso de posgrado:\u00a0<strong>\u201cDerecho Constitucional, Federalismo y Derecho Provincial\u201d.<\/strong><br \/>\nEl presente curso de posgrado busca desarrollar un panorama conceptual y pr\u00e1ctico del federalismo<br \/>\nargentino. En esa mirada de amplio espectro se ver\u00e1n sus conexiones profundas con el derecho<br \/>\nconstitucional y pol\u00edtico, as\u00ed como las particularidades propias que han redefinido su perfil generando<br \/>\ninnovaciones, debates y reconfiguraciones. En este contexto, tambi\u00e9n se analiza el v\u00ednculo del sistema federal<br \/>\ncon los compromisos en materia de derechos fundamentales a nivel nacional e internacional.<\/p>\n<p><strong>Direcci\u00f3n: Mg. Gustavo Arballo y Mg. Dami\u00e1n Azrak. Coordinaci\u00f3n: Abog. Anavelia Marisa Alvarez<\/strong><\/p>\n<p><strong>Cuerpo docente:<\/strong>\u00a0Roberto Saba, Cristian Fatauros, Antonio Hern\u00e1ndez, Guadalupe Valcarce Ojeda, Dami\u00e1n<br \/>\nAzrak, Victor Baz\u00e1n, Pedro Caminos, Marcelo Bernal, Cristian Altavilla, Oscar Flores, Agustina Naffa,<br \/>\nFlorencia Saulino, Silvina Ram\u00edrez, Gustavo Arballo, Mar\u00eda Lina Carrera, Liliana Ronconi, \u00c1ngeles Ramallo,<br \/>\nMar\u00eda Piqu\u00e9, Mariano Fern\u00e1ndez Valle, Hugo Prieto, Gabriela Abalos, Federico Orlando, Jos\u00e9 P\u00e9rez Corti,<br \/>\nClaudia MacCormack, Mariela Uberti, Carlos Vallef\u00edn, Federico Ambroggio, Lorena Gonz\u00e1lez Tocci, Mariano<br \/>\nValentini, Mart\u00edn Bohmer, Gustavo Arballo.<\/p>\n<p><strong>Destinatarios:<\/strong>\u00a0Abogados y Abogadas, y graduados\/as de carreras afines (con duraci\u00f3n no menor a 4 a\u00f1os de<br \/>\nduraci\u00f3n). Interesados\/as deber\u00e1n completar el formulario de inscripci\u00f3n ONLINE y adjuntar AL MISMO\u00a0 la siguiente documentaci\u00f3n en PDF:<\/p>\n<ul>\n<li>DNI escaneado, frente y dorso, en un mismo documento PDF.<\/li>\n<li>T\u00cdTULO de grado, frente y dorso, en un mismo documento PDF<\/li>\n<li>CONSTANCIA DE PAGO de la primer cuota.<\/li>\n<\/ul>\n<p><a href=\"http:\/\/listas.uncoma.edu.ar\/lists\/lt.php?id=LB9TDVNWAUxSBAMBCktXAFVTAA\" target=\"_blank\" rel=\"noopener\">Click aqu\u00ed para completar el formulario de inscripci\u00f3n.<\/a><\/p>\n<p><strong>Cupo:<\/strong>\u00a0m\u00e1ximo: 70 estudiantes &#8211; m\u00ednimo: 32 estudiantes<\/p>\n<p><strong>Modalidad de dictado:<\/strong>\u00a0virtual (clases sincr\u00f3nicas). Carga horaria: 90 hs. c\u00e1tedra de cursado + 10 hs. c\u00e1tedra destinadas a la<br \/>\nrealizaci\u00f3n del trabajo final.<\/p>\n<p><strong>Inicio de clases:<\/strong>\u00a014 de abril 2023<\/p>\n<hr \/>\n<p><strong>OBJETIVOS:<\/strong><br \/>\n-Revisar y presentar los aspectos relevantes de la teor\u00eda del federalismo como marco de la din\u00e1mica de la<br \/>\ndistribuci\u00f3n vertical de poderes.<br \/>\n-Identificar el rol, la significaci\u00f3n y trascendencia de las instituciones que traducen la esencia del<br \/>\nfederalismo como forma de Estado y base de nuestro poder descentralizado.<br \/>\n-Proporcionar una visi\u00f3n actualizada de las instituciones jur\u00eddicas propias del Derecho P\u00fablico Provincial y<br \/>\nMunicipal.<br \/>\n-Reconocer la estructura org\u00e1nica-funcional de las instituciones federales y diferenciar las atribuciones<br \/>\nconstitucionales conferidas a ellas<br \/>\n-Evaluar la incidencia de su funcionamiento dentro del contexto social.<br \/>\n-Analizar las relaciones de poder entre los distintos niveles de gobierno.<br \/>\n-Estudiar las consecuencias de adoptar un pa\u00eds federal en el marco del sistema internacional de los<br \/>\nderechos humanos.<\/p>\n<hr \/>\n<p><strong>Costos:<\/strong>\u00a0MATR\u00cdCULA TOTAL: $65.000. La inscripci\u00f3n se considera realizada contra pago de primera cuota<br \/>\n($6.500). Se prev\u00e9 r\u00e9gimen de pago por cuotas, en estas dos opciones:<br \/>\n* Si el pago es en 3 cuotas (mensuales consecutivas), son sin inter\u00e9s.<br \/>\n*Si el pago es en 4 a 10 cuotas, a todas las cuotas se le agrega actualizaci\u00f3n de conformidad al IPC .<br \/>\nBENEFICIO DE INSCRIPCI\u00d3N TEMPRANA: En caso de inscripci\u00f3n anterior a 28\/02\/2022, el inscripto gozar\u00e1<br \/>\nde una reducci\u00f3n autom\u00e1tica del 5% del arancel total ($61.750). BENEFICIO POR PAGO A CONTADO: En<br \/>\ncaso de inscripci\u00f3n con pago al contado de la totalidad de la matr\u00edcula, se prev\u00e9 el descuento autom\u00e1tico del 10% ($58.500).<\/p>\n<p><a href=\"http:\/\/listas.uncoma.edu.ar\/lists\/lt.php?id=LB9TDVNXCExSBAMBCktXAFVTAA\" target=\"_blank\" rel=\"noopener\">Click aqu\u00ed para ver medios de pago.<\/a><\/p>\n<p>Consultas administrativo &#8211; contables: andreachafrat@live.com.ar<\/p>\n<hr \/>\n<p><strong>Consultas:<\/strong><br \/>\nDepartamento de Posgrado de la FADECS: <a href=\"mailto:posgrado@fade.uncoma.edu.ar\">posgrado@fade.uncoma.edu.ar<\/a><br \/>\nWhatsApp: +5492996723981<br \/>\n<a href=\"https:\/\/posgradofadecs.uncoma.edu.ar\/\">https:\/\/posgradofadecs.uncoma.edu.ar\/<\/a><\/p>\n","protected":false},"excerpt":{"rendered":"<p>Res. FADECS 843\/22 El Departamento de Posgrado de la Facultad de Derecho y Ciencias Sociales &#8211; Universidad Nacional del Comahue informa que se encuentra abierto el llamado a inscripciones para el Curso de posgrado:\u00a0\u201cDerecho Constitucional, Federalismo y Derecho Provincial\u201d. El presente curso de posgrado busca desarrollar un panorama conceptual y pr\u00e1ctico del federalismo argentino. En [&hellip;]<\/p>\n","protected":false},"author":4,"featured_media":11379,"comment_status":"open","ping_status":"open","sticky":false,"template":"","format":"standard","meta":{"footnotes":""},"categories":[85,86,5,78],"tags":[],"class_list":["post-11961","post","type-post","status-publish","format-standard","has-post-thumbnail","hentry","category-abogacia","category-derecho","category-notifadecs","category-posgrado"],"_links":{"self":[{"href":"https:\/\/fadeweb.uncoma.edu.ar\/index.php\/wp-json\/wp\/v2\/posts\/11961","targetHints":{"allow":["GET"]}}],"collection":[{"href":"https:\/\/fadeweb.uncoma.edu.ar\/index.php\/wp-json\/wp\/v2\/posts"}],"about":[{"href":"https:\/\/fadeweb.uncoma.edu.ar\/index.php\/wp-json\/wp\/v2\/types\/post"}],"author":[{"embeddable":true,"href":"https:\/\/fadeweb.uncoma.edu.ar\/index.php\/wp-json\/wp\/v2\/users\/4"}],"replies":[{"embeddable":true,"href":"https:\/\/fadeweb.uncoma.edu.ar\/index.php\/wp-json\/wp\/v2\/comments?post=11961"}],"version-history":[{"count":1,"href":"https:\/\/fadeweb.uncoma.edu.ar\/index.php\/wp-json\/wp\/v2\/posts\/11961\/revisions"}],"predecessor-version":[{"id":11962,"href":"https:\/\/fadeweb.uncoma.edu.ar\/index.php\/wp-json\/wp\/v2\/posts\/11961\/revisions\/11962"}],"wp:featuredmedia":[{"embeddable":true,"href":"https:\/\/fadeweb.uncoma.edu.ar\/index.php\/wp-json\/wp\/v2\/media\/11379"}],"wp:attachment":[{"href":"https:\/\/fadeweb.uncoma.edu.ar\/index.php\/wp-json\/wp\/v2\/media?parent=11961"}],"wp:term":[{"taxonomy":"category","embeddable":true,"href":"https:\/\/fadeweb.uncoma.edu.ar\/index.php\/wp-json\/wp\/v2\/categories?post=11961"},{"taxonomy":"post_tag","embeddable":true,"href":"https:\/\/fadeweb.uncoma.edu.ar\/index.php\/wp-json\/wp\/v2\/tags?post=11961"}],"curies":[{"name":"wp","href":"https:\/\/api.w.org\/{rel}","templated":true}]}}