{"id":11612,"date":"2019-11-27T08:12:44","date_gmt":"2019-11-27T11:12:44","guid":{"rendered":"https:\/\/fadeweb.uncoma.edu.ar\/?p=11612"},"modified":"2022-12-02T08:13:15","modified_gmt":"2022-12-02T11:13:15","slug":"cierre-de-la-practica-de-residencia-institucional","status":"publish","type":"post","link":"https:\/\/fadeweb.uncoma.edu.ar\/index.php\/2019\/11\/27\/cierre-de-la-practica-de-residencia-institucional\/","title":{"rendered":"CIERRE DE LA PR\u00c1CTICA DE RESIDENCIA INSTITUCIONAL"},"content":{"rendered":"<p class=\"subt1\"><img fetchpriority=\"high\" decoding=\"async\" class=\"alignnone size-large wp-image-11613\" src=\"https:\/\/fadeweb.uncoma.edu.ar\/wp-content\/uploads\/2022\/12\/cierre-723x1024.jpg\" alt=\"\" width=\"723\" height=\"1024\" srcset=\"https:\/\/fadeweb.uncoma.edu.ar\/wp-content\/uploads\/2022\/12\/cierre-723x1024.jpg 723w, https:\/\/fadeweb.uncoma.edu.ar\/wp-content\/uploads\/2022\/12\/cierre-212x300.jpg 212w, https:\/\/fadeweb.uncoma.edu.ar\/wp-content\/uploads\/2022\/12\/cierre-768x1087.jpg 768w, https:\/\/fadeweb.uncoma.edu.ar\/wp-content\/uploads\/2022\/12\/cierre.jpg 904w\" sizes=\"(max-width: 723px) 100vw, 723px\" \/><\/p>\n<p class=\"texto\">El Departamento de Trabajo Social con sede en Neuqu\u00e9n de la FADECS-UNCo y la c\u00e1tedra de Seminario de Servicio Social con Residencia Institucional I, invita a los docentes, alumnos y a la comunidad a participar del cierre de la pr\u00e1ctica de Residencia Institucional.<\/p>\n<p class=\"texto\">A la misma est\u00e1n invitadas a participar las Organizaciones donde se realizaron estas experiencias: Refugio de Hombres Padre Brochero, CDI Hip\u00f3dromo, CPEM 44 de Parque Industrial, Escuela Primaria 154 de Parque industrial, Centro Ayutun de Centenario, CADAM de Fern\u00e1ndez Oro, Escuela de M\u00fasica de Plottier y Consejo Provincial de Ni\u00f1ez, Adolescencia y Familia de la provincia de Neuqu\u00e9n.<\/p>\n<p class=\"texto\">La misma se realizar\u00e1 el mi\u00e9rcoles 27\/12 de 18 a 20 h en el aula 17 de la Sede Central de la Universidad Nacional del Comahue.<\/p>\n","protected":false},"excerpt":{"rendered":"<p>El Departamento de Trabajo Social con sede en Neuqu\u00e9n de la FADECS-UNCo y la c\u00e1tedra de Seminario de Servicio Social con Residencia Institucional I, invita a los docentes, alumnos y a la comunidad a participar del cierre de la pr\u00e1ctica de Residencia Institucional. A la misma est\u00e1n invitadas a participar las Organizaciones donde se realizaron [&hellip;]<\/p>\n","protected":false},"author":2,"featured_media":11613,"comment_status":"open","ping_status":"open","sticky":false,"template":"","format":"standard","meta":{"footnotes":""},"categories":[12,5],"tags":[],"class_list":["post-11612","post","type-post","status-publish","format-standard","has-post-thumbnail","hentry","category-12","category-notifadecs"],"_links":{"self":[{"href":"https:\/\/fadeweb.uncoma.edu.ar\/index.php\/wp-json\/wp\/v2\/posts\/11612","targetHints":{"allow":["GET"]}}],"collection":[{"href":"https:\/\/fadeweb.uncoma.edu.ar\/index.php\/wp-json\/wp\/v2\/posts"}],"about":[{"href":"https:\/\/fadeweb.uncoma.edu.ar\/index.php\/wp-json\/wp\/v2\/types\/post"}],"author":[{"embeddable":true,"href":"https:\/\/fadeweb.uncoma.edu.ar\/index.php\/wp-json\/wp\/v2\/users\/2"}],"replies":[{"embeddable":true,"href":"https:\/\/fadeweb.uncoma.edu.ar\/index.php\/wp-json\/wp\/v2\/comments?post=11612"}],"version-history":[{"count":1,"href":"https:\/\/fadeweb.uncoma.edu.ar\/index.php\/wp-json\/wp\/v2\/posts\/11612\/revisions"}],"predecessor-version":[{"id":11614,"href":"https:\/\/fadeweb.uncoma.edu.ar\/index.php\/wp-json\/wp\/v2\/posts\/11612\/revisions\/11614"}],"wp:featuredmedia":[{"embeddable":true,"href":"https:\/\/fadeweb.uncoma.edu.ar\/index.php\/wp-json\/wp\/v2\/media\/11613"}],"wp:attachment":[{"href":"https:\/\/fadeweb.uncoma.edu.ar\/index.php\/wp-json\/wp\/v2\/media?parent=11612"}],"wp:term":[{"taxonomy":"category","embeddable":true,"href":"https:\/\/fadeweb.uncoma.edu.ar\/index.php\/wp-json\/wp\/v2\/categories?post=11612"},{"taxonomy":"post_tag","embeddable":true,"href":"https:\/\/fadeweb.uncoma.edu.ar\/index.php\/wp-json\/wp\/v2\/tags?post=11612"}],"curies":[{"name":"wp","href":"https:\/\/api.w.org\/{rel}","templated":true}]}}