{"id":11506,"date":"2019-12-09T09:14:41","date_gmt":"2019-12-09T12:14:41","guid":{"rendered":"https:\/\/fadeweb.uncoma.edu.ar\/?p=11506"},"modified":"2022-12-01T09:15:24","modified_gmt":"2022-12-01T12:15:24","slug":"dia-del-trabajador-a-social","status":"publish","type":"post","link":"https:\/\/fadeweb.uncoma.edu.ar\/index.php\/2019\/12\/09\/dia-del-trabajador-a-social\/","title":{"rendered":"D\u00cdA DEL TRABAJADOR\/A SOCIAL"},"content":{"rendered":"<p class=\"subt1\"><img fetchpriority=\"high\" decoding=\"async\" class=\"alignnone size-large wp-image-11507\" src=\"https:\/\/fadeweb.uncoma.edu.ar\/wp-content\/uploads\/2022\/12\/fdts-1024x768.jpg\" alt=\"\" width=\"800\" height=\"600\" srcset=\"https:\/\/fadeweb.uncoma.edu.ar\/wp-content\/uploads\/2022\/12\/fdts-1024x768.jpg 1024w, https:\/\/fadeweb.uncoma.edu.ar\/wp-content\/uploads\/2022\/12\/fdts-300x225.jpg 300w, https:\/\/fadeweb.uncoma.edu.ar\/wp-content\/uploads\/2022\/12\/fdts-768x576.jpg 768w, https:\/\/fadeweb.uncoma.edu.ar\/wp-content\/uploads\/2022\/12\/fdts-1536x1152.jpg 1536w, https:\/\/fadeweb.uncoma.edu.ar\/wp-content\/uploads\/2022\/12\/fdts.jpg 1920w\" sizes=\"(max-width: 800px) 100vw, 800px\" \/><\/p>\n<p class=\"texto\">La dignidad de las personas es un principio fundante de los Derechos Humanos, y es el Trabajo Social como profesi\u00f3n la disciplina cuya pr\u00e1ctica se asienta en la ampliaci\u00f3n de derechos.<\/p>\n<p class=\"texto\">Las autoridades de la Facultad de Derecho y Ciencias Sociales saludan este 10 de diciembre a las\/os trabajadoras y trabajadores sociales en su d\u00eda, y alienta desde la academia y desde la pr\u00e1ctica diaria a promover el cambio y fortalecer el bienestar de las personas.<\/p>\n<p class=\"texto\">En 2012, la Federaci\u00f3n Argentina de Asociaciones Profesionales de Servicio Social (F.A.A.P.S.S.) resolvi\u00f3 celebrar el D\u00eda del Trabajador\/a Social el 10 de Diciembre, en coincidencia con el D\u00eda Universal de los Derechos Humanos.<\/p>\n","protected":false},"excerpt":{"rendered":"<p>La dignidad de las personas es un principio fundante de los Derechos Humanos, y es el Trabajo Social como profesi\u00f3n la disciplina cuya pr\u00e1ctica se asienta en la ampliaci\u00f3n de derechos. Las autoridades de la Facultad de Derecho y Ciencias Sociales saludan este 10 de diciembre a las\/os trabajadoras y trabajadores sociales en su d\u00eda, [&hellip;]<\/p>\n","protected":false},"author":2,"featured_media":11507,"comment_status":"open","ping_status":"open","sticky":false,"template":"","format":"standard","meta":{"footnotes":""},"categories":[12,5],"tags":[],"class_list":["post-11506","post","type-post","status-publish","format-standard","has-post-thumbnail","hentry","category-12","category-notifadecs"],"_links":{"self":[{"href":"https:\/\/fadeweb.uncoma.edu.ar\/index.php\/wp-json\/wp\/v2\/posts\/11506","targetHints":{"allow":["GET"]}}],"collection":[{"href":"https:\/\/fadeweb.uncoma.edu.ar\/index.php\/wp-json\/wp\/v2\/posts"}],"about":[{"href":"https:\/\/fadeweb.uncoma.edu.ar\/index.php\/wp-json\/wp\/v2\/types\/post"}],"author":[{"embeddable":true,"href":"https:\/\/fadeweb.uncoma.edu.ar\/index.php\/wp-json\/wp\/v2\/users\/2"}],"replies":[{"embeddable":true,"href":"https:\/\/fadeweb.uncoma.edu.ar\/index.php\/wp-json\/wp\/v2\/comments?post=11506"}],"version-history":[{"count":1,"href":"https:\/\/fadeweb.uncoma.edu.ar\/index.php\/wp-json\/wp\/v2\/posts\/11506\/revisions"}],"predecessor-version":[{"id":11508,"href":"https:\/\/fadeweb.uncoma.edu.ar\/index.php\/wp-json\/wp\/v2\/posts\/11506\/revisions\/11508"}],"wp:featuredmedia":[{"embeddable":true,"href":"https:\/\/fadeweb.uncoma.edu.ar\/index.php\/wp-json\/wp\/v2\/media\/11507"}],"wp:attachment":[{"href":"https:\/\/fadeweb.uncoma.edu.ar\/index.php\/wp-json\/wp\/v2\/media?parent=11506"}],"wp:term":[{"taxonomy":"category","embeddable":true,"href":"https:\/\/fadeweb.uncoma.edu.ar\/index.php\/wp-json\/wp\/v2\/categories?post=11506"},{"taxonomy":"post_tag","embeddable":true,"href":"https:\/\/fadeweb.uncoma.edu.ar\/index.php\/wp-json\/wp\/v2\/tags?post=11506"}],"curies":[{"name":"wp","href":"https:\/\/api.w.org\/{rel}","templated":true}]}}