{"id":11419,"date":"2019-12-20T07:19:16","date_gmt":"2019-12-20T10:19:16","guid":{"rendered":"https:\/\/fadeweb.uncoma.edu.ar\/?p=11419"},"modified":"2022-11-29T07:20:00","modified_gmt":"2022-11-29T10:20:00","slug":"la-carrera-de-comunicacion-social-sumo-14-nuevos-titulos","status":"publish","type":"post","link":"https:\/\/fadeweb.uncoma.edu.ar\/index.php\/2019\/12\/20\/la-carrera-de-comunicacion-social-sumo-14-nuevos-titulos\/","title":{"rendered":"LA CARRERA DE COMUNICACI\u00d3N SOCIAL SUM\u00d3 14 NUEVOS T\u00cdTULOS"},"content":{"rendered":"<p class=\"subt1\"><img fetchpriority=\"high\" decoding=\"async\" class=\"alignnone size-full wp-image-1710\" src=\"https:\/\/fadeweb.uncoma.edu.ar\/wp-content\/uploads\/2022\/06\/deptocom800.jpg\" alt=\"\" width=\"800\" height=\"222\" srcset=\"https:\/\/fadeweb.uncoma.edu.ar\/wp-content\/uploads\/2022\/06\/deptocom800.jpg 800w, https:\/\/fadeweb.uncoma.edu.ar\/wp-content\/uploads\/2022\/06\/deptocom800-300x83.jpg 300w, https:\/\/fadeweb.uncoma.edu.ar\/wp-content\/uploads\/2022\/06\/deptocom800-768x213.jpg 768w\" sizes=\"(max-width: 800px) 100vw, 800px\" \/><\/p>\n<p class=\"texto\">En el \u00faltimo mes de diciembre, catorce estudiantes de la carrera de Comunicaci\u00f3n Social defendieron sus tesinas de grado en la FADECS. De ese total, la mitad corresponden a personas que cursaron el plan viejo de la carrera, cuyo vencimiento operar\u00e1 el pr\u00f3ximo 31 de diciembre. El resto son estudiantes del denominado Plan nuevo, y que cierran as\u00ed su etapa de formaci\u00f3n acad\u00e9mica de grado.<\/p>\n<p class=\"texto\">Quienes defendieron sus tesis son Katherina Lang; Eliana Larrea; Susana Centeno; Ver\u00f3nica Petris; Lucas Urrutia, Romina Mascetti, Diego Garc\u00eda Rogel; Hilda Dom\u00ednguez; Andrea R\u00edos; Angela Odetto; Natacha Hadadd; Soraya Hechem; Romina Vallejos y Liliana Huencul.<\/p>\n<p class=\"texto\">Cada uno de estos trabajos implic\u00f3 un gran esfuerzo de parte de tesistas y de quienes tuvieron la responsabilidad de dirigir y evaluar cada una de las presentaciones, en su gran mayor\u00eda docentes de la carrera de Comunicaci\u00f3n Social, a quienes se sumaron algunas direcciones y jurados de otras facultades de la UNCo y de universidades p\u00fablicas regionales.<\/p>\n","protected":false},"excerpt":{"rendered":"<p>En el \u00faltimo mes de diciembre, catorce estudiantes de la carrera de Comunicaci\u00f3n Social defendieron sus tesinas de grado en la FADECS. De ese total, la mitad corresponden a personas que cursaron el plan viejo de la carrera, cuyo vencimiento operar\u00e1 el pr\u00f3ximo 31 de diciembre. El resto son estudiantes del denominado Plan nuevo, y [&hellip;]<\/p>\n","protected":false},"author":2,"featured_media":1710,"comment_status":"open","ping_status":"open","sticky":false,"template":"","format":"standard","meta":{"footnotes":""},"categories":[12,5],"tags":[],"class_list":["post-11419","post","type-post","status-publish","format-standard","has-post-thumbnail","hentry","category-12","category-notifadecs"],"_links":{"self":[{"href":"https:\/\/fadeweb.uncoma.edu.ar\/index.php\/wp-json\/wp\/v2\/posts\/11419","targetHints":{"allow":["GET"]}}],"collection":[{"href":"https:\/\/fadeweb.uncoma.edu.ar\/index.php\/wp-json\/wp\/v2\/posts"}],"about":[{"href":"https:\/\/fadeweb.uncoma.edu.ar\/index.php\/wp-json\/wp\/v2\/types\/post"}],"author":[{"embeddable":true,"href":"https:\/\/fadeweb.uncoma.edu.ar\/index.php\/wp-json\/wp\/v2\/users\/2"}],"replies":[{"embeddable":true,"href":"https:\/\/fadeweb.uncoma.edu.ar\/index.php\/wp-json\/wp\/v2\/comments?post=11419"}],"version-history":[{"count":1,"href":"https:\/\/fadeweb.uncoma.edu.ar\/index.php\/wp-json\/wp\/v2\/posts\/11419\/revisions"}],"predecessor-version":[{"id":11420,"href":"https:\/\/fadeweb.uncoma.edu.ar\/index.php\/wp-json\/wp\/v2\/posts\/11419\/revisions\/11420"}],"wp:featuredmedia":[{"embeddable":true,"href":"https:\/\/fadeweb.uncoma.edu.ar\/index.php\/wp-json\/wp\/v2\/media\/1710"}],"wp:attachment":[{"href":"https:\/\/fadeweb.uncoma.edu.ar\/index.php\/wp-json\/wp\/v2\/media?parent=11419"}],"wp:term":[{"taxonomy":"category","embeddable":true,"href":"https:\/\/fadeweb.uncoma.edu.ar\/index.php\/wp-json\/wp\/v2\/categories?post=11419"},{"taxonomy":"post_tag","embeddable":true,"href":"https:\/\/fadeweb.uncoma.edu.ar\/index.php\/wp-json\/wp\/v2\/tags?post=11419"}],"curies":[{"name":"wp","href":"https:\/\/api.w.org\/{rel}","templated":true}]}}